{"id":2450,"date":"2020-10-06T18:09:10","date_gmt":"2020-10-06T16:09:10","guid":{"rendered":"http:\/\/graphizm.fr\/greta\/?p=2450"},"modified":"2025-11-06T22:30:41","modified_gmt":"2025-11-06T21:30:41","slug":"rediger-page-web-10-etapes","status":"publish","type":"post","link":"https:\/\/graphizm.fr\/greta\/rwrn\/rediger-page-web-10-etapes\/","title":{"rendered":"R\u00e9diger une page Web en 10 \u00e9tapes"},"content":{"rendered":"\n<p class=\"has-subtle-background-background-color has-background\">Dans ce TD nous allons apprendre \u00e0 <strong>structurer et styliser une page Web<\/strong> en tenant compte des contraintes de la r\u00e9daction et du r\u00e9f\u00e9rencement des pages Web. Nous utiliserons 3 outils&nbsp;: <strong>un \u00e9diteur Markdown<\/strong> en ligne (StackEdit), un <strong>\u00e9diteur de carte heuristique <\/strong>en ligne (TextToMindMap) et <strong>un \u00e9diteur de code<\/strong> en local (Brackets).<\/p>\n\n\n\n<p>Pour l&rsquo;utilisation de l&rsquo;\u00e9diteur Markdown, je vous renvoie vers le cours intitul\u00e9 <a rel=\"noreferrer noopener\" href=\"http:\/\/graphizm.fr\/greta\/fcs\/utiliser-stackedit\/\" target=\"_blank\">Utiliser StackEdit<\/a>. Pour la prise en main et la personnalisation de l&rsquo;\u00e9diteur de code Brackets, je vous renvoie vers les cours <a rel=\"noreferrer noopener\" href=\"http:\/\/graphizm.fr\/greta\/fcs\/personnaliser-brackets\/\" target=\"_blank\">Personnaliser Brackets<\/a> et les activit\u00e9s propos\u00e9es dans le TD intitul\u00e9 <a rel=\"noreferrer noopener\" href=\"http:\/\/graphizm.fr\/fcs\/manipulation-code-source\/\" target=\"_blank\">Manipuler le code source avec Brackets<\/a>. Concernant TextToMindMap, la prise en main est tr\u00e8s intuitive&nbsp;: aucun pr\u00e9requis n&rsquo;est exig\u00e9.<\/p>\n\n\n\n<p>Pour r\u00e9aliser ce TD, il est indispensable d&rsquo;avoir une vision claire de ce qu&rsquo;est une structure \u00e9l\u00e9mentaire HTML. Pour ceux qui d\u00e9couvriraient ce concept, je vous invite \u00e0 consulter le cours intitul\u00e9 <a href=\"http:\/\/graphizm.fr\/greta\/fcs\/identifier-structure-html-page-web\/\" target=\"_blank\" rel=\"noreferrer noopener\">Identifier la structure d&rsquo;une page HTML<\/a><\/p>\n\n\n\n<p class=\"has-subtle-background-background-color has-background\">L&rsquo;objectif de ce TD est d&rsquo;<strong>afficher dans la fen\u00eatre d&rsquo;un navigateur une page HTML dont la structure r\u00e9dactionnelle suit un plan logique simple \u00e0 percevoir<\/strong>. De plus, dans la perspective d&rsquo;une publication en ligne, <strong>nous souhaitons structurer le texte de mani\u00e8re \u00e0 en optimiser le r\u00e9f\u00e9rencement<\/strong> c&rsquo;est \u00e0 dire l&rsquo;indexation dans les pages de r\u00e9sultats des moteurs de recherche (= SEO ou Search Engine Optimisation).<\/p>\n\n\n\n<p>Nous allons proc\u00e9der en suivant les <strong>10 \u00e9tapes<\/strong> suivantes&nbsp;:<\/p>\n\n\n\n<ol class=\"wp-block-list\">\n<li>Collecter <strong>la documentation<\/strong><\/li>\n\n\n\n<li>Construire <strong>l&rsquo;arbre des mots-cl\u00e9s<\/strong><\/li>\n\n\n\n<li>\u00c9tablir <strong>le plan<\/strong> dans un \u00e9diteur Markdown<\/li>\n\n\n\n<li>Optimiser <strong>la r\u00e9daction des titres<\/strong><\/li>\n\n\n\n<li>Tester <strong>la coh\u00e9rence de la structure<\/strong> en examinant le sommaire<\/li>\n\n\n\n<li>R\u00e9diger <strong>l&rsquo;introduction<\/strong> (chapeau ou chap\u00f4)<\/li>\n\n\n\n<li>R\u00e9diger <strong>les paragraphes<\/strong> en utilisant les mots-cl\u00e9s disponibles<\/li>\n\n\n\n<li>Tester <strong>la syntaxe<\/strong> avec un robot lecteur<\/li>\n\n\n\n<li>Exporter en <strong>HTML<\/strong> la version finalis\u00e9e<\/li>\n\n\n\n<li>Personnaliser la <strong>pr\u00e9sentation<\/strong> de la page<\/li>\n<\/ol>\n\n\n\n<p>Il existe bien s\u00fbr une \u00e9tape pr\u00e9paratoire incontournable&nbsp;: <strong>le choix du sujet<\/strong>&#8230; Pour illustrer ce TD, je me baserai sur un texte propos\u00e9 lors d&rsquo;une session pr\u00e9c\u00e9dente par un stagiaire du GRETA.<\/p>\n\n\n\n<div id=\"ez-toc-container\" class=\"ez-toc-v2_0_82_2 counter-hierarchy ez-toc-counter ez-toc-custom ez-toc-container-direction\">\n<div class=\"ez-toc-title-container\">\n<p class=\"ez-toc-title\" style=\"cursor:inherit\">Sommaire<\/p>\n<span class=\"ez-toc-title-toggle\"><a href=\"#\" class=\"ez-toc-pull-right ez-toc-btn ez-toc-btn-xs ez-toc-btn-default ez-toc-toggle\" aria-label=\"Toggle Table of Content\"><span class=\"ez-toc-js-icon-con\"><span class=\"\"><span class=\"eztoc-hide\" style=\"display:none;\">Toggle<\/span><span class=\"ez-toc-icon-toggle-span\"><svg style=\"fill: #6b6b6b;color:#6b6b6b\" xmlns=\"http:\/\/www.w3.org\/2000\/svg\" class=\"list-377408\" width=\"20px\" height=\"20px\" viewBox=\"0 0 24 24\" fill=\"none\"><path d=\"M6 6H4v2h2V6zm14 0H8v2h12V6zM4 11h2v2H4v-2zm16 0H8v2h12v-2zM4 16h2v2H4v-2zm16 0H8v2h12v-2z\" fill=\"currentColor\"><\/path><\/svg><svg style=\"fill: #6b6b6b;color:#6b6b6b\" class=\"arrow-unsorted-368013\" xmlns=\"http:\/\/www.w3.org\/2000\/svg\" width=\"10px\" height=\"10px\" viewBox=\"0 0 24 24\" version=\"1.2\" baseProfile=\"tiny\"><path d=\"M18.2 9.3l-6.2-6.3-6.2 6.3c-.2.2-.3.4-.3.7s.1.5.3.7c.2.2.4.3.7.3h11c.3 0 .5-.1.7-.3.2-.2.3-.5.3-.7s-.1-.5-.3-.7zM5.8 14.7l6.2 6.3 6.2-6.3c.2-.2.3-.5.3-.7s-.1-.5-.3-.7c-.2-.2-.4-.3-.7-.3h-11c-.3 0-.5.1-.7.3-.2.2-.3.5-.3.7s.1.5.3.7z\"\/><\/svg><\/span><\/span><\/span><\/a><\/span><\/div>\n<nav><ul class='ez-toc-list ez-toc-list-level-1 eztoc-toggle-hide-by-default' ><li class='ez-toc-page-1 ez-toc-heading-level-2'><a class=\"ez-toc-link ez-toc-heading-1\" href=\"https:\/\/graphizm.fr\/greta\/rwrn\/rediger-page-web-10-etapes\/#Etape_1_%E2%80%93_Collecter_la_documentation\" >\u00c9tape 1 &#8211; Collecter la documentation<\/a><\/li><li class='ez-toc-page-1 ez-toc-heading-level-2'><a class=\"ez-toc-link ez-toc-heading-2\" href=\"https:\/\/graphizm.fr\/greta\/rwrn\/rediger-page-web-10-etapes\/#Etape_2_%E2%80%93_Construire_larbre_des_expressions_et_mots_cles\" >\u00c9tape 2 &#8211; Construire l&rsquo;arbre des expressions et mots cl\u00e9s<\/a><ul class='ez-toc-list-level-3' ><li class='ez-toc-heading-level-3'><a class=\"ez-toc-link ez-toc-heading-3\" href=\"https:\/\/graphizm.fr\/greta\/rwrn\/rediger-page-web-10-etapes\/#Anticiper_le_referencement_naturel\" >Anticiper le r\u00e9f\u00e9rencement naturel<\/a><\/li><li class='ez-toc-page-1 ez-toc-heading-level-3'><a class=\"ez-toc-link ez-toc-heading-4\" href=\"https:\/\/graphizm.fr\/greta\/rwrn\/rediger-page-web-10-etapes\/#Distinguer_larbre_et_le_plan\" >Distinguer l&rsquo;arbre et le plan<\/a><\/li><\/ul><\/li><li class='ez-toc-page-1 ez-toc-heading-level-2'><a class=\"ez-toc-link ez-toc-heading-5\" href=\"https:\/\/graphizm.fr\/greta\/rwrn\/rediger-page-web-10-etapes\/#Etape_3_%E2%80%93_Etablir_le_plan_dans_un_editeur_Markdown\" >\u00c9tape 3 &#8211; \u00c9tablir le plan dans un \u00e9diteur Markdown<\/a><ul class='ez-toc-list-level-3' ><li class='ez-toc-heading-level-3'><a class=\"ez-toc-link ez-toc-heading-6\" href=\"https:\/\/graphizm.fr\/greta\/rwrn\/rediger-page-web-10-etapes\/#Le_plan_thematique_nest_pas_systematique\" >Le plan th\u00e9matique n&rsquo;est pas syst\u00e9matique<\/a><\/li><li class='ez-toc-page-1 ez-toc-heading-level-3'><a class=\"ez-toc-link ez-toc-heading-7\" href=\"https:\/\/graphizm.fr\/greta\/rwrn\/rediger-page-web-10-etapes\/#Poser_une_question_pour_trouver_un_plan\" >Poser une question pour trouver un plan<\/a><\/li><\/ul><\/li><li class='ez-toc-page-1 ez-toc-heading-level-2'><a class=\"ez-toc-link ez-toc-heading-8\" href=\"https:\/\/graphizm.fr\/greta\/rwrn\/rediger-page-web-10-etapes\/#Etape_4_%E2%80%93_Optimiser_la_redaction_des_titres\" >\u00c9tape 4 &#8211; Optimiser la r\u00e9daction des titres<\/a><ul class='ez-toc-list-level-3' ><li class='ez-toc-heading-level-3'><a class=\"ez-toc-link ez-toc-heading-9\" href=\"https:\/\/graphizm.fr\/greta\/rwrn\/rediger-page-web-10-etapes\/#Regle_incontournable_de_referencement_naturel\" >R\u00e8gle incontournable de r\u00e9f\u00e9rencement naturel<\/a><\/li><li class='ez-toc-page-1 ez-toc-heading-level-3'><a class=\"ez-toc-link ez-toc-heading-10\" href=\"https:\/\/graphizm.fr\/greta\/rwrn\/rediger-page-web-10-etapes\/#La_loi_de_proximite\" >La loi de proximit\u00e9<\/a><\/li><\/ul><\/li><li class='ez-toc-page-1 ez-toc-heading-level-2'><a class=\"ez-toc-link ez-toc-heading-11\" href=\"https:\/\/graphizm.fr\/greta\/rwrn\/rediger-page-web-10-etapes\/#Etape_5_%E2%80%93_Tester_la_coherence_de_la_structure\" >\u00c9tape 5 &#8211; Tester la coh\u00e9rence de la structure<\/a><\/li><li class='ez-toc-page-1 ez-toc-heading-level-2'><a class=\"ez-toc-link ez-toc-heading-12\" href=\"https:\/\/graphizm.fr\/greta\/rwrn\/rediger-page-web-10-etapes\/#Etape_6_%E2%80%93_Rediger_lintroduction\" >\u00c9tape 6 &#8211; R\u00e9diger l&rsquo;introduction<\/a><ul class='ez-toc-list-level-3' ><li class='ez-toc-heading-level-3'><a class=\"ez-toc-link ez-toc-heading-13\" href=\"https:\/\/graphizm.fr\/greta\/rwrn\/rediger-page-web-10-etapes\/#Baliser_ou_ne_pas_baliser_lintroduction-chapeau_en_h2\" >Baliser ou ne pas baliser l&rsquo;introduction-chapeau en h2<\/a><\/li><\/ul><\/li><li class='ez-toc-page-1 ez-toc-heading-level-2'><a class=\"ez-toc-link ez-toc-heading-14\" href=\"https:\/\/graphizm.fr\/greta\/rwrn\/rediger-page-web-10-etapes\/#Etape_7_%E2%80%93_Rediger_les_paragraphes\" >\u00c9tape 7 &#8211; R\u00e9diger les paragraphes<\/a><ul class='ez-toc-list-level-3' ><li class='ez-toc-heading-level-3'><a class=\"ez-toc-link ez-toc-heading-15\" href=\"https:\/\/graphizm.fr\/greta\/rwrn\/rediger-page-web-10-etapes\/#Pensez_SEO\" >Pensez SEO<\/a><\/li><li class='ez-toc-page-1 ez-toc-heading-level-3'><a class=\"ez-toc-link ez-toc-heading-16\" href=\"https:\/\/graphizm.fr\/greta\/rwrn\/rediger-page-web-10-etapes\/#Soyez_concis_et_precis\" >Soyez concis et pr\u00e9cis<\/a><\/li><\/ul><\/li><li class='ez-toc-page-1 ez-toc-heading-level-2'><a class=\"ez-toc-link ez-toc-heading-17\" href=\"https:\/\/graphizm.fr\/greta\/rwrn\/rediger-page-web-10-etapes\/#Etape_8_%E2%80%93_Tester_la_syntaxe_avec_un_robot_lecteur\" >\u00c9tape 8 &#8211; Tester la syntaxe avec un robot lecteur<\/a><\/li><li class='ez-toc-page-1 ez-toc-heading-level-2'><a class=\"ez-toc-link ez-toc-heading-18\" href=\"https:\/\/graphizm.fr\/greta\/rwrn\/rediger-page-web-10-etapes\/#Etape_9_%E2%80%93_Exporter_en_HTML_la_version_finalisee\" >\u00c9tape 9 &#8211; Exporter en HTML la version finalis\u00e9e<\/a><\/li><li class='ez-toc-page-1 ez-toc-heading-level-2'><a class=\"ez-toc-link ez-toc-heading-19\" href=\"https:\/\/graphizm.fr\/greta\/rwrn\/rediger-page-web-10-etapes\/#Etape_10_%E2%80%93_Personnaliser_la_presentation_de_la_page\" >\u00c9tape 10 &#8211; Personnaliser la pr\u00e9sentation de la page<\/a><ul class='ez-toc-list-level-3' ><li class='ez-toc-heading-level-3'><a class=\"ez-toc-link ez-toc-heading-20\" href=\"https:\/\/graphizm.fr\/greta\/rwrn\/rediger-page-web-10-etapes\/#Precision_annexe\" >Pr\u00e9cision annexe<\/a><\/li><li class='ez-toc-page-1 ez-toc-heading-level-3'><a class=\"ez-toc-link ez-toc-heading-21\" href=\"https:\/\/graphizm.fr\/greta\/rwrn\/rediger-page-web-10-etapes\/#Petit_bonus\" >Petit bonus<\/a><\/li><li class='ez-toc-page-1 ez-toc-heading-level-3'><a class=\"ez-toc-link ez-toc-heading-22\" href=\"https:\/\/graphizm.fr\/greta\/rwrn\/rediger-page-web-10-etapes\/#Les_feuilles_de_style_%E2%80%9Cclassless%E2%80%9D\" >Les feuilles de style \u201cclassless\u201d<\/a><\/li><\/ul><\/li><li class='ez-toc-page-1 ez-toc-heading-level-2'><a class=\"ez-toc-link ez-toc-heading-23\" href=\"https:\/\/graphizm.fr\/greta\/rwrn\/rediger-page-web-10-etapes\/#Approfondir_le_sujet\" >Approfondir le sujet<\/a><\/li><\/ul><\/nav><\/div>\n<h2 class=\"wp-block-heading\"><span class=\"ez-toc-section\" id=\"Etape_1_%E2%80%93_Collecter_la_documentation\"><\/span>\u00c9tape 1 &#8211; Collecter la documentation<span class=\"ez-toc-section-end\"><\/span><\/h2>\n\n\n\n<p>Le sujet \u00e9tant choisi, il est n\u00e9cessaire de rassembler les informations susceptibles d&rsquo;\u00eatre publi\u00e9es dans notre document. <\/p>\n\n\n\n<p><strong>R\u00e9diger un premier jet<\/strong> (une sorte de brouillon), sans contraintes particuli\u00e8res, est une solution. <strong>Collecter des textes libres de droit et les assembler rapidement<\/strong> en est une autre.<\/p>\n\n\n\n<p class=\"has-secondary-background-color has-background\">Il faut cependant garder \u00e0 l&rsquo;esprit que <strong>les op\u00e9rations \u00e0 mener pour rendre le texte conforme aux exigences du Web vont vous amener \u00e0 remanier profond\u00e9ment votre brouillon<\/strong>. <\/p>\n\n\n\n<p>Utiliser <strong>StackEdit<\/strong> ou un autre \u00e9diteur Markdown est un bon choix pour rassembler les textes collect\u00e9s et r\u00e9dig\u00e9s. Utiliser des outils comme <strong>Notepad++<\/strong> sur PC ou <strong>TextEdit<\/strong> sur Mac sont aussi de bonnes alternatives.<\/p>\n\n\n\n<p class=\"has-subtle-background-background-color has-background\">Il est d\u00e9conseill\u00e9 d&rsquo;utiliser Word, sous peine de devoir nettoyer le texte ult\u00e9rieurement \u00e0 cause plusieurs lignes de codes inappropri\u00e9es, coll\u00e9es souvent en m\u00eame temps que les textes copi\u00e9s.<\/p>\n\n\n\n<h2 class=\"wp-block-heading\"><span class=\"ez-toc-section\" id=\"Etape_2_%E2%80%93_Construire_larbre_des_expressions_et_mots_cles\"><\/span>\u00c9tape 2 &#8211; Construire l&rsquo;arbre des expressions et mots cl\u00e9s<span class=\"ez-toc-section-end\"><\/span><\/h2>\n\n\n\n<p>Le plus simple pour r\u00e9aliser cette \u00e9tape est d&rsquo;utiliser un \u00e9diteur de cartes heuristiques (ou cartes mentales, <em>mind map<\/em> en anglais).<\/p>\n\n\n\n<p class=\"has-subtle-background-background-color has-background\">Je vous propose d&rsquo;<strong>utiliser l&rsquo;application en  ligne <a rel=\"noreferrer noopener\" href=\"https:\/\/tobloef.com\/text2mindmap\/\" target=\"_blank\">Text2MindMap<\/a><\/strong>. Celle-ci permet de saisir un texte indent\u00e9 d&rsquo;un c\u00f4t\u00e9 et de visualiser une carte heuristique de l&rsquo;autre c\u00f4t\u00e9, c&rsquo;est d&rsquo;une simplicit\u00e9 \u00e9l\u00e9mentaire&nbsp;!<\/p>\n\n\n\n<figure class=\"wp-block-image size-large\"><a href=\"http:\/\/graphizm.fr\/greta\/wp-content\/uploads\/2020\/10\/Text2MindMap-01.jpg\" target=\"_blank\" rel=\"noopener noreferrer\"><img loading=\"lazy\" decoding=\"async\" width=\"1024\" height=\"574\" src=\"http:\/\/graphizm.fr\/greta\/wp-content\/uploads\/2020\/10\/Text2MindMap-01-1024x574.jpg\" alt=\"\" class=\"wp-image-2474\" srcset=\"https:\/\/graphizm.fr\/greta\/wp-content\/uploads\/2020\/10\/Text2MindMap-01-1024x574.jpg 1024w, https:\/\/graphizm.fr\/greta\/wp-content\/uploads\/2020\/10\/Text2MindMap-01-600x336.jpg 600w, https:\/\/graphizm.fr\/greta\/wp-content\/uploads\/2020\/10\/Text2MindMap-01-768x430.jpg 768w, https:\/\/graphizm.fr\/greta\/wp-content\/uploads\/2020\/10\/Text2MindMap-01-1200x672.jpg 1200w, https:\/\/graphizm.fr\/greta\/wp-content\/uploads\/2020\/10\/Text2MindMap-01.jpg 1283w\" sizes=\"auto, (max-width: 1024px) 100vw, 1024px\" \/><\/a><\/figure>\n\n\n\n<p>Il s&rsquo;agit, en partant du sujet principal abord\u00e9, de <strong>d\u00e9terminer dans un premier temps l&rsquo;expression courte ou le mot cl\u00e9 de la page<\/strong> (le tronc de l&rsquo;arbre). Notez qu&rsquo;il s&rsquo;agira des premiers mots de votre titre h1.<\/p>\n\n\n\n<p>Ensuite, <strong>en explorant le champ lexical et s\u00e9mantique du sujet<\/strong>, il s&rsquo;agit de <strong>trouver et noter les expressions et mots cl\u00e9s voisins, <\/strong>en les regroupant par affinit\u00e9. Vous obtiendrez ainsi un arbre (ou plut\u00f4t la ramure d&rsquo;un arbre) plus ou moins \u00e9tendu selon le temps que vous y consacrerez.<\/p>\n\n\n\n<p class=\"has-subtle-background-background-color has-background\"><strong>Le site <a rel=\"noreferrer noopener\" href=\"https:\/\/rimessolides.com\/motscles.aspx\" target=\"_blank\">rimesolides.com<\/a> permet d&rsquo;\u00e9largir le champ lexical d&rsquo;un sujet.<\/strong><\/p>\n\n\n\n<p>En activant <strong>les pr\u00e9f\u00e9rences de Text2Mindmap<\/strong>, vous avez le choix entre <strong>2 types de colorations de la carte<\/strong>. La premi\u00e8re (Branch) met en \u00e9vidence les expressions et mots issus d&rsquo;une m\u00eame branche. La seconde (Level) met en \u00e9vidence les expressions et mots cl\u00e9s situ\u00e9s \u00e0 un m\u00eame niveau hi\u00e9rarchique.<\/p>\n\n\n\n<figure class=\"wp-block-image size-large\"><a href=\"http:\/\/graphizm.fr\/greta\/wp-content\/uploads\/2020\/10\/Text2MindMap-05.jpg\" target=\"_blank\" rel=\"noopener noreferrer\"><img loading=\"lazy\" decoding=\"async\" width=\"1024\" height=\"605\" src=\"http:\/\/graphizm.fr\/greta\/wp-content\/uploads\/2020\/10\/Text2MindMap-05-1024x605.jpg\" alt=\"\" class=\"wp-image-2526\" srcset=\"https:\/\/graphizm.fr\/greta\/wp-content\/uploads\/2020\/10\/Text2MindMap-05-1024x605.jpg 1024w, https:\/\/graphizm.fr\/greta\/wp-content\/uploads\/2020\/10\/Text2MindMap-05-600x354.jpg 600w, https:\/\/graphizm.fr\/greta\/wp-content\/uploads\/2020\/10\/Text2MindMap-05-768x453.jpg 768w, https:\/\/graphizm.fr\/greta\/wp-content\/uploads\/2020\/10\/Text2MindMap-05-1200x708.jpg 1200w, https:\/\/graphizm.fr\/greta\/wp-content\/uploads\/2020\/10\/Text2MindMap-05.jpg 1372w\" sizes=\"auto, (max-width: 1024px) 100vw, 1024px\" \/><\/a><\/figure>\n\n\n\n<h3 class=\"wp-block-heading\"><span class=\"ez-toc-section\" id=\"Anticiper_le_referencement_naturel\"><\/span>Anticiper le r\u00e9f\u00e9rencement naturel<span class=\"ez-toc-section-end\"><\/span><\/h3>\n\n\n\n<p>Le r\u00e9f\u00e9rencement naturel se base sur 2 types d&rsquo;expressions et mots cl\u00e9s&nbsp;:<\/p>\n\n\n\n<ul class=\"wp-block-list\">\n<li>les expressions ou mots cl\u00e9s courts, th\u00e9matiquement et s\u00e9mantiquement tr\u00e8s proches du sujet et tr\u00e8s \u201cgrand public\u201d<\/li>\n\n\n\n<li>Les expressions ou mots cl\u00e9s plus long, en rapport avec le sujet mais plus sp\u00e9cifiques \u00e0 tel ou tel groupe de personnes.<\/li>\n<\/ul>\n\n\n\n<p>Les premiers sont fr\u00e9quemment utilis\u00e9s dans le champ de saisie des moteurs de recherche et ils sont aussi tr\u00e8s utilis\u00e9s comme expressions ou mots cl\u00e9s sur les sites concurrents.<\/p>\n\n\n\n<p>Les seconds sont moins souvent saisis sur Google ou Bing mais ils sont peu utilis\u00e9s comme expressions ou mots cl\u00e9s sur les sites concurrents. On les appelle les <strong>mots cl\u00e9s longue tra\u00eene<\/strong> (ou mots cl\u00e9s de longue tra\u00eene ou <em>long tail<\/em>, en anglais).<\/p>\n\n\n\n<p class=\"has-subtle-background-background-color has-background\">Dans Text2MindMap, <strong>placez les premiers \u00e0 proximit\u00e9 du sujet central<\/strong> (expression ou mot cl\u00e9 principal de la page) et <strong>placez les seconds \u00e0 l&rsquo;extr\u00e9mit\u00e9 de vos branches<\/strong>.<\/p>\n\n\n\n<p>Nous aurons l&rsquo;occasion de revenir sur ce point pendant la formation mais vous pouvez <strong>vous documenter<\/strong> \u00e0 ce sujet en consultant cet article&nbsp;:<\/p>\n\n\n\n<ul class=\"wp-block-list\">\n<li><a href=\"https:\/\/www.wearethewords.com\/longue-traine-mots-cles\/\" target=\"_blank\" rel=\"noreferrer noopener\">Longue tra\u00eene&nbsp;: 4 \u00e9tapes pour cibler les mots cl\u00e9s long tail<\/a><\/li>\n<\/ul>\n\n\n\n<h3 class=\"wp-block-heading\"><span class=\"ez-toc-section\" id=\"Distinguer_larbre_et_le_plan\"><\/span>Distinguer l&rsquo;arbre et le plan<span class=\"ez-toc-section-end\"><\/span><\/h3>\n\n\n\n<p>Apr\u00e8s avoir r\u00e9alis\u00e9 l&rsquo;arbre des expressions et mots cl\u00e9s, vous aurez une id\u00e9e plus claire de votre sujet. Vous commencerez aussi \u00e0 <strong>distinguer des plans possibles<\/strong> pour pr\u00e9senter votre sujet.<\/p>\n\n\n\n<p class=\"has-subtle-background-background-color has-background\"><strong>Faites cependant attention \u00e0 ne pas transformer inconsciemment l&rsquo;arbre des expressions et mots cl\u00e9s en plan r\u00e9dactionnel th\u00e9matique.<\/strong><\/p>\n\n\n\n<figure class=\"wp-block-image size-large\"><a href=\"http:\/\/graphizm.fr\/greta\/wp-content\/uploads\/2020\/10\/Text2MindMap-04.jpg\" target=\"_blank\" rel=\"noopener noreferrer\"><img loading=\"lazy\" decoding=\"async\" width=\"1024\" height=\"578\" src=\"http:\/\/graphizm.fr\/greta\/wp-content\/uploads\/2020\/10\/Text2MindMap-04-1024x578.jpg\" alt=\"\" class=\"wp-image-2482\" srcset=\"https:\/\/graphizm.fr\/greta\/wp-content\/uploads\/2020\/10\/Text2MindMap-04-1024x578.jpg 1024w, https:\/\/graphizm.fr\/greta\/wp-content\/uploads\/2020\/10\/Text2MindMap-04-600x338.jpg 600w, https:\/\/graphizm.fr\/greta\/wp-content\/uploads\/2020\/10\/Text2MindMap-04-768x433.jpg 768w, https:\/\/graphizm.fr\/greta\/wp-content\/uploads\/2020\/10\/Text2MindMap-04-1200x677.jpg 1200w, https:\/\/graphizm.fr\/greta\/wp-content\/uploads\/2020\/10\/Text2MindMap-04.jpg 1374w\" sizes=\"auto, (max-width: 1024px) 100vw, 1024px\" \/><\/a><\/figure>\n\n\n\n<h2 class=\"wp-block-heading\"><span class=\"ez-toc-section\" id=\"Etape_3_%E2%80%93_Etablir_le_plan_dans_un_editeur_Markdown\"><\/span>\u00c9tape 3 &#8211; \u00c9tablir le plan dans un \u00e9diteur Markdown<span class=\"ez-toc-section-end\"><\/span><\/h2>\n\n\n\n<p>En vous appuyant sur la documentation collect\u00e9e et sur l&rsquo;arbre des mots-cl\u00e9s, <strong>\u00e9tablissez le plan de votre texte, en suivant un mod\u00e8le adapt\u00e9 \u00e0 votre propos et \u00e0 votre public<\/strong>.<\/p>\n\n\n\n<p><strong><a rel=\"noreferrer noopener\" href=\"https:\/\/stackedit.io\/app#\" target=\"_blank\">StackEdit<\/a> est un outil parfaitement adapt\u00e9<\/strong> pour commencer \u00e0 \u00e9tablir la structure r\u00e9dactionnel de votre contenu principal.<\/p>\n\n\n\n<p class=\"has-secondary-background-color has-background\"><strong>Saisissez votre plan en langage Markdown<\/strong>. Dans la fen\u00eatre de droite (si elle est activ\u00e9e), vous pouvez voir  \u00e0 quoi ressemblera votre texte une fois export\u00e9 avec l&rsquo;option \u201cStyled HTML\u201d.<\/p>\n\n\n\n<figure class=\"wp-block-image size-large\"><a href=\"http:\/\/graphizm.fr\/greta\/wp-content\/uploads\/2020\/10\/stackedit-17-1.jpg\" target=\"_blank\" rel=\"noopener noreferrer\"><img loading=\"lazy\" decoding=\"async\" width=\"1024\" height=\"607\" src=\"http:\/\/graphizm.fr\/greta\/wp-content\/uploads\/2020\/10\/stackedit-17-1-1024x607.jpg\" alt=\"\" class=\"wp-image-2533\" srcset=\"https:\/\/graphizm.fr\/greta\/wp-content\/uploads\/2020\/10\/stackedit-17-1-1024x607.jpg 1024w, https:\/\/graphizm.fr\/greta\/wp-content\/uploads\/2020\/10\/stackedit-17-1-600x356.jpg 600w, https:\/\/graphizm.fr\/greta\/wp-content\/uploads\/2020\/10\/stackedit-17-1-768x455.jpg 768w, https:\/\/graphizm.fr\/greta\/wp-content\/uploads\/2020\/10\/stackedit-17-1-1200x711.jpg 1200w, https:\/\/graphizm.fr\/greta\/wp-content\/uploads\/2020\/10\/stackedit-17-1.jpg 1385w\" sizes=\"auto, (max-width: 1024px) 100vw, 1024px\" \/><\/a><\/figure>\n\n\n\n<p>Dans l&rsquo;exemple utilis\u00e9 pour illustrer ce TD, le plan a \u00e9t\u00e9 choisi en utilisant les expressions cl\u00e9s d&rsquo;une seule branche, celle des <strong>mod\u00e8les c\u00e9l\u00e8bres<\/strong> de motos mythiques.<\/p>\n\n\n\n<h3 class=\"wp-block-heading\"><span class=\"ez-toc-section\" id=\"Le_plan_thematique_nest_pas_systematique\"><\/span>Le plan th\u00e9matique n&rsquo;est pas syst\u00e9matique<span class=\"ez-toc-section-end\"><\/span><\/h3>\n\n\n\n<p><strong>Utiliser Text2MindMap pour \u00e9tablir le plan du texte \u00e0 r\u00e9diger est tr\u00e8s tentant.<\/strong> Cela est d&rsquo;autant plus tentant qu&rsquo;il suffit de s\u00e9lectionner la liste affich\u00e9e dans la colonne de gauche de Text2MindMap pour la copier et la coller dans StackEdit. Un peu de balisage et le tour est jou\u00e9&#8230;<\/p>\n\n\n\n<p><strong>Je vous conseille cependant de bien dissocier les 2 \u00e9tapes<\/strong>, m\u00eame si les expressions les plus proches de votre sujet central ont toutes les chances de s&rsquo;ins\u00e9rer dans les sous-titres h2 de votre article.<\/p>\n\n\n\n<p>En effet, Le choix d&rsquo;<strong>un plan autre que le plan th\u00e9matique<\/strong> doit \u00eatre envisag\u00e9. Un <strong>plan chronologique ou par points de vue<\/strong> ne se structure pas comme un plan documentaire. Et le <strong>plan en pyramide invers\u00e9e<\/strong>, recommand\u00e9 pour la publication en ligne, se structure diff\u00e9remment.<\/p>\n\n\n\n<p class=\"has-subtle-background-background-color has-background\">Vous trouverez une <strong>liste de plans r\u00e9dactionnels <\/strong>selon les besoins sur <a rel=\"noreferrer noopener\" href=\"https:\/\/www.mindmeister.com\/fr\/1649253669\/les-plans-r-dactionnels\" target=\"_blank\">Mind Meister<\/a>.<\/p>\n\n\n\n<h3 class=\"wp-block-heading\"><span class=\"ez-toc-section\" id=\"Poser_une_question_pour_trouver_un_plan\"><\/span>Poser une question pour trouver un plan<span class=\"ez-toc-section-end\"><\/span><\/h3>\n\n\n\n<p class=\"has-subtle-background-background-color has-background\">Un des moyens utilis\u00e9s pour trouver le plan d&rsquo;un article consiste \u00e0 poser une question en rapport avec avec le sujet trait\u00e9 puis \u00e0 <strong>choisir le plan en fonction du mot utilis\u00e9 en d\u00e9but de question<\/strong>.<\/p>\n\n\n\n<ul class=\"wp-block-list\">\n<li>Si la question commence par <strong>\u201cComment\u201d<\/strong> (Comment faire ceci&nbsp;? Comment choisir cela&nbsp;? etc.), le plan \u00e0 adopter sera probablement <strong>un plan par \u00e9tapes<\/strong> avec des explications techniques.<\/li>\n\n\n\n<li>Si la question commence par <strong>\u201cQuoi\u201d ou \u201cQue\u201d<\/strong> (Quoi faire pour &#8230; ? Que choisir pour &#8230; ? etc.), le plan \u00e0 adopter sera probablement un <strong>plan guide<\/strong> avec une ou plusieurs propositions.<\/li>\n\n\n\n<li>Si la question commence par <strong>\u201cQuel\u201d<\/strong> ou <strong>\u201cQuelle\u201d<\/strong> (Quel est le &#8230; de ceci&nbsp;? Quelle &#8230; choisir&nbsp;?, etc.), le plan \u00e0 adopter sera probablement <strong>une r\u00e9ponse pr\u00e9cise<\/strong> plus o\u00f9 moins d\u00e9taill\u00e9e.<\/li>\n\n\n\n<li>Si la question commence par <strong>\u201cQuand\u201d ou \u201cO\u00f9\u201d<\/strong> (Quand faire ceci&nbsp;? O\u00f9 choisir cela&nbsp;? etc.), le plan \u00e0 adopter sera probablement une <strong>r\u00e9ponse pr\u00e9cise<\/strong> avec date(s) ou localisation(s) explicite(s).<\/li>\n\n\n\n<li>Si la question commence par <strong>\u201cPourquoi\u201d<\/strong> (Pourquoi faire ceci&nbsp;? Pourquoi choisir cela&nbsp;? etc.), le plan \u00e0 adopter sera probablement un <strong>plan argument\u00e9<\/strong> avec preuves \u00e0 l&rsquo;appui.<\/li>\n<\/ul>\n\n\n\n<p class=\"has-accent-background-color has-background\">Il existe un outil en ligne con\u00e7u pour lister les questions les plus pos\u00e9es par les internautes sur telle ou telle th\u00e9matique. <a rel=\"noreferrer noopener\" href=\"https:\/\/1.fr\/\" target=\"_blank\">Testez la version gratuite de l&rsquo;applicatio<\/a><a href=\"https:\/\/1.fr\/\" target=\"_blank\" rel=\"noreferrer noopener\">n<\/a><a rel=\"noreferrer noopener\" href=\"https:\/\/1.fr\/\" target=\"_blank\"> 1.fr<\/a><\/p>\n\n\n\n<h2 class=\"wp-block-heading\"><span class=\"ez-toc-section\" id=\"Etape_4_%E2%80%93_Optimiser_la_redaction_des_titres\"><\/span>\u00c9tape 4 &#8211; Optimiser la r\u00e9daction des titres<span class=\"ez-toc-section-end\"><\/span><\/h2>\n\n\n\n<p>Il s&rsquo;agit maintenant d&rsquo;optimiser la r\u00e9daction des titres pour <strong>permettre \u00e0 vos lecteurs de percevoir d&rsquo;un seul coup d&rsquo;\u0153il la logique de votre plan<\/strong>. La seule lecture des titres doit permettre de savoir pr\u00e9cis\u00e9ment de quoi vous parlez dans votre article.<\/p>\n\n\n\n<h3 class=\"wp-block-heading\"><span class=\"ez-toc-section\" id=\"Regle_incontournable_de_referencement_naturel\"><\/span>R\u00e8gle incontournable de r\u00e9f\u00e9rencement naturel<span class=\"ez-toc-section-end\"><\/span><\/h3>\n\n\n\n<p class=\"has-primary-background-color has-background\"><strong>L&rsquo;expression ou mot cl\u00e9 principal de la page doit imp\u00e9rativement \u00eatre plac\u00e9 dans les premiers mots du titre h1.<\/strong> Les expressions ou mots cl\u00e9s les plus pertinents seront ensuite plac\u00e9s dans les premiers mots des titres h2. Les autres expressions et mots cl\u00e9s seront plus tard r\u00e9partis dans le texte des paragraphes.<\/p>\n\n\n\n<figure class=\"wp-block-image size-large\"><a href=\"http:\/\/graphizm.fr\/greta\/wp-content\/uploads\/2020\/10\/stackedit-18.jpg\" target=\"_blank\" rel=\"noopener noreferrer\"><img loading=\"lazy\" decoding=\"async\" width=\"1024\" height=\"604\" src=\"http:\/\/graphizm.fr\/greta\/wp-content\/uploads\/2020\/10\/stackedit-18-1024x604.jpg\" alt=\"\" class=\"wp-image-2490\" srcset=\"https:\/\/graphizm.fr\/greta\/wp-content\/uploads\/2020\/10\/stackedit-18-1024x604.jpg 1024w, https:\/\/graphizm.fr\/greta\/wp-content\/uploads\/2020\/10\/stackedit-18-600x354.jpg 600w, https:\/\/graphizm.fr\/greta\/wp-content\/uploads\/2020\/10\/stackedit-18-768x453.jpg 768w, https:\/\/graphizm.fr\/greta\/wp-content\/uploads\/2020\/10\/stackedit-18-1200x707.jpg 1200w, https:\/\/graphizm.fr\/greta\/wp-content\/uploads\/2020\/10\/stackedit-18.jpg 1386w\" sizes=\"auto, (max-width: 1024px) 100vw, 1024px\" \/><\/a><\/figure>\n\n\n\n<p><strong>De nombreux conseils sont publi\u00e9s en ligne au sujet de la r\u00e9daction des titres.<\/strong> Je vous recommande la lecture (et la prise en compte&#8230;) du contenu des articles suivants&nbsp;:<\/p>\n\n\n\n<ul class=\"wp-block-list\">\n<li><a href=\"https:\/\/premier-sur-google.be\/titres-seo\" target=\"_blank\" rel=\"noreferrer noopener\">J\u2019optimise mes titres et mes sous-titres pour le SEO<\/a><\/li>\n\n\n\n<li><a href=\"https:\/\/www.ecrirepourleweb.com\/poser-une-question-titre\/\" target=\"_blank\" rel=\"noreferrer noopener\">Faut-il poser une question dans un titre&nbsp;?<\/a><\/li>\n<\/ul>\n\n\n\n<h3 class=\"wp-block-heading\"><span class=\"ez-toc-section\" id=\"La_loi_de_proximite\"><\/span>La loi de proximit\u00e9<span class=\"ez-toc-section-end\"><\/span><\/h3>\n\n\n\n<p>J&rsquo;attire votre attention sur un principe journalistique incontournable&nbsp;: <strong>plus ce que vous dites concerne le lecteur de pr\u00e8s, plus celui-ci s&rsquo;y int\u00e9ressera<\/strong>.<\/p>\n\n\n\n<p>Vous pouvez tenir compte de ce principe dans la r\u00e9daction des titres de votre article. Pensez-y \u00e9galement quand vous r\u00e9digerez l&rsquo;introduction et les paragraphes de vos diff\u00e9rentes parties.<\/p>\n\n\n\n<p class=\"has-subtle-background-background-color has-background\">Consultez <a rel=\"noreferrer noopener\" href=\"http:\/\/glossaire.infowebmaster.fr\/loi-de-proximite\/#:~:text=Une%20loi%20de%20proximit%C3%A9%20est,utile%20et%20satisfaisant%20au%20lectorat.\" target=\"_blank\">le glossaire d&rsquo;infowebmaster.fr<\/a> pour <strong>en savoir plus sur la loi de proximit\u00e9<\/strong>. Une recherche sur le Web \u00e0 ce sujet (loi de proximit\u00e9 et r\u00e9daction) vous conduira vers de nombreux articles traitant de la r\u00e9daction Web en g\u00e9n\u00e9ral.<\/p>\n\n\n\n<h2 class=\"wp-block-heading\"><span class=\"ez-toc-section\" id=\"Etape_5_%E2%80%93_Tester_la_coherence_de_la_structure\"><\/span>\u00c9tape 5 &#8211; Tester la coh\u00e9rence de la structure<span class=\"ez-toc-section-end\"><\/span><\/h2>\n\n\n\n<p>Avec StackEdit, nous pouvons \u00e0 ce stade de notre travail <strong>exporter notre plan en HTML<\/strong>, en choisissant l&rsquo;option \u201cStylised HTML with TOC\u201d. Je vous rappelle que TOC est l&rsquo;acronyme de l&rsquo;expression anglaise <em>Table Of Content<\/em> (&#8230; autrement dit sommaire ou table des mati\u00e8res).<\/p>\n\n\n\n<figure class=\"wp-block-image size-large\"><a href=\"http:\/\/graphizm.fr\/greta\/wp-content\/uploads\/2020\/10\/stackedit-19.jpg\" target=\"_blank\" rel=\"noopener noreferrer\"><img loading=\"lazy\" decoding=\"async\" width=\"1024\" height=\"605\" src=\"http:\/\/graphizm.fr\/greta\/wp-content\/uploads\/2020\/10\/stackedit-19-1024x605.jpg\" alt=\"\" class=\"wp-image-2492\" srcset=\"https:\/\/graphizm.fr\/greta\/wp-content\/uploads\/2020\/10\/stackedit-19-1024x605.jpg 1024w, https:\/\/graphizm.fr\/greta\/wp-content\/uploads\/2020\/10\/stackedit-19-600x354.jpg 600w, https:\/\/graphizm.fr\/greta\/wp-content\/uploads\/2020\/10\/stackedit-19-768x453.jpg 768w, https:\/\/graphizm.fr\/greta\/wp-content\/uploads\/2020\/10\/stackedit-19-1200x709.jpg 1200w, https:\/\/graphizm.fr\/greta\/wp-content\/uploads\/2020\/10\/stackedit-19.jpg 1387w\" sizes=\"auto, (max-width: 1024px) 100vw, 1024px\" \/><\/a><\/figure>\n\n\n\n<p>Une fois l&rsquo;exportation du plan effectu\u00e9e (en ayant pris soin de nommer convenablement le fichier exporter), vous devriez pouvoir <strong>visualiser le sommaire de votre texte<\/strong> et en <strong>appr\u00e9cier la coh\u00e9rence<\/strong>.<\/p>\n\n\n\n<p>Ouvrez le fichier export\u00e9 avec votre navigateur. Le sommaire est plac\u00e9 en colonne lat\u00e9rale&#8230; et les liens vers les ancres fonctionnent&nbsp;! <strong>Si la lecture du sommaire ne vous semble pas offrir une vision claire de votre sujet, reprenez votre travail \u00e0 l&rsquo;\u00e9tape pr\u00e9c\u00e9dente<\/strong> jusqu&rsquo;\u00e0 ce que vous soyez satisfaits.<\/p>\n\n\n\n<figure class=\"wp-block-image size-large\"><a href=\"http:\/\/graphizm.fr\/greta\/wp-content\/uploads\/2020\/10\/stackedit-21.jpg\" target=\"_blank\" rel=\"noopener noreferrer\"><img loading=\"lazy\" decoding=\"async\" width=\"1024\" height=\"555\" src=\"http:\/\/graphizm.fr\/greta\/wp-content\/uploads\/2020\/10\/stackedit-21-1024x555.jpg\" alt=\"\" class=\"wp-image-2495\" srcset=\"https:\/\/graphizm.fr\/greta\/wp-content\/uploads\/2020\/10\/stackedit-21-1024x555.jpg 1024w, https:\/\/graphizm.fr\/greta\/wp-content\/uploads\/2020\/10\/stackedit-21-600x325.jpg 600w, https:\/\/graphizm.fr\/greta\/wp-content\/uploads\/2020\/10\/stackedit-21-768x416.jpg 768w, https:\/\/graphizm.fr\/greta\/wp-content\/uploads\/2020\/10\/stackedit-21-1200x650.jpg 1200w, https:\/\/graphizm.fr\/greta\/wp-content\/uploads\/2020\/10\/stackedit-21.jpg 1388w\" sizes=\"auto, (max-width: 1024px) 100vw, 1024px\" \/><\/a><\/figure>\n\n\n\n<p>Quand tout est au point, vous avez parcouru la moiti\u00e9 du chemin et vous allez pouvoir attaquer la r\u00e9daction proprement dite. Comme pour le plan, il faudra suivre les r\u00e8gles du r\u00e9f\u00e9rencement naturel (SEO).<\/p>\n\n\n\n<p class=\"has-subtle-background-background-color has-background\"> Vous veillerez \u00e0 ne pas oublier que <strong>vous vous adressez \u00e0 un public pr\u00e9cis<\/strong>, clairement identifi\u00e9. Vous allez donc choisir un ton particulier, l&rsquo;angle qui sous para\u00eetra le mieux convenir pour aborder le sujet et vous opterez pour un vocabulaire adapt\u00e9 \u00e0 votre lectorat.<\/p>\n\n\n\n<h2 class=\"wp-block-heading\"><span class=\"ez-toc-section\" id=\"Etape_6_%E2%80%93_Rediger_lintroduction\"><\/span>\u00c9tape 6 &#8211; R\u00e9diger l&rsquo;introduction<span class=\"ez-toc-section-end\"><\/span><\/h2>\n\n\n\n<p>L&rsquo;introduction, nomm\u00e9e aussi chapeau ou chap\u00f4, annonce clairement la couleur. Il s&rsquo;agit de <strong>pr\u00e9senter clairement tout ce que vous allez d\u00e9velopper dans la suite du texte<\/strong>.<\/p>\n\n\n\n<p class=\"has-subtle-background-background-color has-background\">Soyons clairs, la r\u00e8gle est incontournable&nbsp;: <strong>l&rsquo;expression ou mot cl\u00e9 plac\u00e9 en t\u00eate du titre h1 doit \u00eatre plac\u00e9e au tout d\u00e9but de l&rsquo;introduction<\/strong>.<\/p>\n\n\n\n<p>Ce n&rsquo;est pas une option, c&rsquo;est une obligation. Nous pourrons nuancer cette r\u00e8gle en utilisant des synonymes ou des expressions tr\u00e8s voisines mais pour le moment, appliquons-la \u00e0 la lettre.<\/p>\n\n\n\n<p>Dans le m\u00eame ordre d&rsquo;id\u00e9e, inutile de se creuser la cervelle pour savoir ce que vous allez mettre dans l&rsquo;introduction. Vous allez <strong>r\u00e9diger des phrases courtes qui reprennent tous les mots cl\u00e9s plac\u00e9s dans les sous-titres<\/strong>. Plus tard, nous verrons comment nuancer cela mais, pour l&rsquo;instant, suivez mes directives et vous y verrez tout de suite plus clair&nbsp;!<\/p>\n\n\n\n<p class=\"has-subtle-background-background-color has-background\">Inutile de cr\u00e9er un nouveau fichier, <strong>compl\u00e9tez le plan r\u00e9dig\u00e9 avec StackEdit<\/strong>.<\/p>\n\n\n\n<figure class=\"wp-block-image size-large\"><a href=\"http:\/\/graphizm.fr\/greta\/wp-content\/uploads\/2020\/10\/stackedit-22.jpg\" target=\"_blank\" rel=\"noopener noreferrer\"><img loading=\"lazy\" decoding=\"async\" width=\"1024\" height=\"528\" src=\"http:\/\/graphizm.fr\/greta\/wp-content\/uploads\/2020\/10\/stackedit-22-1024x528.jpg\" alt=\"\" class=\"wp-image-2507\" srcset=\"https:\/\/graphizm.fr\/greta\/wp-content\/uploads\/2020\/10\/stackedit-22-1024x528.jpg 1024w, https:\/\/graphizm.fr\/greta\/wp-content\/uploads\/2020\/10\/stackedit-22-600x310.jpg 600w, https:\/\/graphizm.fr\/greta\/wp-content\/uploads\/2020\/10\/stackedit-22-768x396.jpg 768w, https:\/\/graphizm.fr\/greta\/wp-content\/uploads\/2020\/10\/stackedit-22-1200x619.jpg 1200w, https:\/\/graphizm.fr\/greta\/wp-content\/uploads\/2020\/10\/stackedit-22.jpg 1374w\" sizes=\"auto, (max-width: 1024px) 100vw, 1024px\" \/><\/a><\/figure>\n\n\n\n<p>Pour approfondir le sujet, je vous invite \u00e0 lire l&rsquo;article de Sophie Leclerc intitul\u00e9 <a rel=\"noreferrer noopener\" href=\"https:\/\/www.ecrirepourleweb.com\/rediger-chapeau-articles-web-methode\/\" target=\"_blank\">R\u00e9diger un chapeau pour ses articles web&nbsp;: la m\u00e9thode<\/a><\/p>\n\n\n\n<h3 class=\"wp-block-heading\"><span class=\"ez-toc-section\" id=\"Baliser_ou_ne_pas_baliser_lintroduction-chapeau_en_h2\"><\/span>Baliser ou ne pas baliser l&rsquo;introduction-chapeau en h2<span class=\"ez-toc-section-end\"><\/span><\/h3>\n\n\n\n<p>Quelques auteurs proposent de baliser l&rsquo;introduction en h2 (<a rel=\"noreferrer noopener\" href=\"https:\/\/www.g1site.com\/rediger_chapeau_article\/\" target=\"_blank\">https:\/\/www.g1site.com\/rediger_chapeau_article\/<\/a>). Vous trouverez cette recommandation dans plusieurs articles en ligne. <strong>Ne suivez pas ce conseil.<\/strong> La balise h2 est une balise de titrage, c&rsquo;est donc un moyen de structuration. Utilis\u00e9 pour l&rsquo;introduction la balise h2 contraint l&rsquo;utilisation de balises h3 pour les sous-titres suivants ou l&rsquo;utilisation d&rsquo;une premi\u00e8re balise h2 sans paragraphe.<\/p>\n\n\n\n<p>L&rsquo;introduction est le premier paragraphe de votre article, en tant que tel il focalise d\u00e9j\u00e0 l&rsquo;attention des robots. <strong>Balisez plut\u00f4t le paragraphe d&rsquo;introduction entre <code>&lt;strong&gt;<\/code> et <code>&lt;\/strong&gt;<\/code>.<\/strong> Si vous souhaitez donner \u00e0 l&rsquo;introduction une taille proche des titres h2, identifiez l&rsquo;introduction (via un <code>id<\/code> ou une <code>class<\/code>) et stylisez-la de la mani\u00e8re voulue vis une instruction CSS.<\/p>\n\n\n\n<h2 class=\"wp-block-heading\"><span class=\"ez-toc-section\" id=\"Etape_7_%E2%80%93_Rediger_les_paragraphes\"><\/span>\u00c9tape 7 &#8211; R\u00e9diger les paragraphes<span class=\"ez-toc-section-end\"><\/span><\/h2>\n\n\n\n<p>R\u00e9diger les paragraphes de votre texte suit les m\u00eames r\u00e8gles de r\u00e9f\u00e9rencement que celles concernant la r\u00e9daction de l&rsquo;introduction.<\/p>\n\n\n\n<h3 class=\"wp-block-heading\"><span class=\"ez-toc-section\" id=\"Pensez_SEO\"><\/span>Pensez SEO<span class=\"ez-toc-section-end\"><\/span><\/h3>\n\n\n\n<p class=\"has-subtle-background-background-color has-background\"><strong>Il convient de placer en t\u00eate du premier paragraphe le mot cl\u00e9 du sous-titre qui pr\u00e9c\u00e8de<\/strong> (ou une expression \u00e9quivalente, un synonyme, une expression connexe&#8230;).<\/p>\n\n\n\n<p>Utiliser un synonyme ou une expression connexe \u00e9vite les lourdeurs. <strong>Placez des expressions longue tra\u00eene au d\u00e9but des seconds ou troisi\u00e8mes paragraphes<\/strong> puis au d\u00e9but des intertitres h3 et suivants (<a rel=\"noreferrer noopener\" href=\"https:\/\/editoile.fr\/optimiser-le-placement-des-mots-cles-dans-une-page-web\/\" target=\"_blank\">https:\/\/editoile.fr\/optimiser-le-placement-des-mots-cles-dans-une-page-web\/<\/a>).<\/p>\n\n\n\n<h3 class=\"wp-block-heading\"><span class=\"ez-toc-section\" id=\"Soyez_concis_et_precis\"><\/span>Soyez concis et pr\u00e9cis<span class=\"ez-toc-section-end\"><\/span><\/h3>\n\n\n\n<p>Ce conseil est \u00e0 prendre en compte autant que possible&nbsp;: <strong>traitez une seule id\u00e9e par paragraphe<\/strong>. Dans un paragraphe vous affirmez votre id\u00e9e en la contextualisant puis vous prouvez votre affirmation. Vous d\u00e9veloppez ensuite l&rsquo;id\u00e9e, en articulant votre propos avec le paragraphe suivant.<\/p>\n\n\n\n<p class=\"has-subtle-background-background-color has-background\">Vous r\u00e9digerez vos paragraphe en veillant \u00e0 la concision de vos phrases. Vous r\u00e9digerez des phases courtes (15 mots environ) et <strong>vous couperez syst\u00e9matiquement toute phrase de plus de 24 mots<\/strong>. Vous gagnerez ainsi en clart\u00e9 et faciliterez la lecture de votre texte.<\/p>\n\n\n\n<p>Restez simples, <strong>utilisez des mots concrets adapt\u00e9s \u00e0 votre lectorat<\/strong> et au m\u00e9dia Web. Gardez vos envol\u00e9es lyriques pour les m\u00e9dias imprim\u00e9s, pour vos podcasts ou vos \u00e9missions radios. Quand vous avez termin\u00e9 de r\u00e9diger vos paragraphes, il est n\u00e9cessaire d&rsquo;en tester la qualit\u00e9.<\/p>\n\n\n\n<h2 class=\"wp-block-heading\"><span class=\"ez-toc-section\" id=\"Etape_8_%E2%80%93_Tester_la_syntaxe_avec_un_robot_lecteur\"><\/span>\u00c9tape 8 &#8211; Tester la syntaxe avec un robot lecteur<span class=\"ez-toc-section-end\"><\/span><\/h2>\n\n\n\n<p>Il existe un moyen simple et efficace pour \u00e9valuer la qualit\u00e9 de la r\u00e9daction d&rsquo;un texte. <strong>Faites-le lire par un robot lecteur<\/strong> !<\/p>\n\n\n\n<p>Vous trouverez sur <a rel=\"noreferrer noopener\" href=\"https:\/\/www.mindmeister.com\/fr\/1649348547\/synth-se-vocale\" target=\"_blank\">MindMeister<\/a> une liste de sites proposant des <strong>services de synth\u00e8se vocale<\/strong>. Il est parfois n\u00e9cessaire de scinder le texte \u00e0 faire lire pour pouvoir b\u00e9n\u00e9ficier du service offert.<\/p>\n\n\n\n<p>Sur MacOs, un service int\u00e9gr\u00e9 de lecture du texte est \u00e0 la disposition des utilisateurs. Allez dans le menu <strong>Modifier &gt; Voix &gt; Commencer \u00e0 parler<\/strong>. Ce service est notamment utilisable directement dans WordPress, depuis le navigateur.<\/p>\n\n\n\n<p class=\"has-subtle-background-background-color has-background\"><strong>Cette technique permet de rep\u00e9rer \u00e0 l&rsquo;oreille les phrases trop longues.<\/strong> Vous saurez \u00e9galement si la ponctuation de votre texte est \u00e0 am\u00e9liorer. Les \u00e9tourderie de saisie et les r\u00e9p\u00e9titions g\u00eanantes seront vite rep\u00e9r\u00e9es.<\/p>\n\n\n\n<p>Faites \u00e9galement relire votre texte par de v\u00e9ritables lecteurs humains, ayant si possible une bonne orthographe.<\/p>\n\n\n\n<h2 class=\"wp-block-heading\"><span class=\"ez-toc-section\" id=\"Etape_9_%E2%80%93_Exporter_en_HTML_la_version_finalisee\"><\/span>\u00c9tape 9 &#8211; Exporter en HTML la version finalis\u00e9e<span class=\"ez-toc-section-end\"><\/span><\/h2>\n\n\n\n<p>Dans StackEdit, une fois effectu\u00e9es les corrections \u00e0 apporter au texte, <strong>exportez-le au format HTML. Choisissez l&rsquo;option \u201cStyled HTML\u201d<\/strong> pour faciliter le travail qui va suivre. <\/p>\n\n\n\n<p>Vous obtiendrez une simple page Web, stylis\u00e9e avec clart\u00e9 par la feuille de style mise au point pour StackEdit. Son code source est propre. Seules 2 classes identifient le &lt;body&gt; et la &lt;div&gt; servant de conteneur principal.<\/p>\n\n\n\n<p class=\"has-subtle-background-background-color has-background\">La seconde classe peut s&rsquo;av\u00e9rer utile pour utiliser des feuilles de style utilisant les identifiants \u201cwrapper\u201d ou \u201ccontent\u201d. Il faudra alors en modifier l&rsquo;identification (voir plus bas).<\/p>\n\n\n\n<h2 class=\"wp-block-heading\"><span class=\"ez-toc-section\" id=\"Etape_10_%E2%80%93_Personnaliser_la_presentation_de_la_page\"><\/span>\u00c9tape 10 &#8211; Personnaliser la pr\u00e9sentation de la page<span class=\"ez-toc-section-end\"><\/span><\/h2>\n\n\n\n<p>Utilisez des feuilles de style simples pour tester diff\u00e9rentes pr\u00e9sentations, selon la technique vue en d\u00e9but de formation.<\/p>\n\n\n\n<p>Vous trouverez plusieurs feuilles de style \u00e0 personnaliser \u00e0 cette adresse&nbsp;: <a rel=\"noreferrer noopener\" href=\"http:\/\/graphizm.fr\/rwrn\/css-simples.zip\" target=\"_blank\">graphizm.fr\/rwrn\/css-simples.zip<\/a><\/p>\n\n\n\n<p class=\"has-subtle-background-background-color has-background\"><strong>Vous pouvez les tester en l&rsquo;\u00e9tat en utilisant le code HTML suivant<\/strong>, \u00e0 ins\u00e9rer dans le &lt;head&gt; \u00e0 la place du lien existant puis \u00e0 personnaliser&#8230;<\/p>\n\n\n\n<p><code>&lt;link rel=\"stylesheet\" href=\"http:\/\/graphizm.fr\/rwrn\/css-simples\/nomdelafeuilledestyle.css\"&gt;<\/code><\/p>\n\n\n\n<p>\u279c Remplacez <code>nomdelafeuilledestyle.css<\/code> par l&rsquo;un des noms suivants&nbsp;:<\/p>\n\n\n\n<ul class=\"wp-block-list\">\n<li>abricotine-serif.css<\/li>\n\n\n\n<li>ash.css<\/li>\n\n\n\n<li>awsm.css<\/li>\n\n\n\n<li>brackets.css<\/li>\n\n\n\n<li>cursus.css<\/li>\n\n\n\n<li>dark-three.css<\/li>\n\n\n\n<li>dyslex.css<\/li>\n\n\n\n<li>light-one.css<\/li>\n\n\n\n<li>pyxill.css<\/li>\n\n\n\n<li>simple.css<\/li>\n\n\n\n<li>solarized-dark.css<\/li>\n\n\n\n<li>solarized-light.css<\/li>\n\n\n\n<li>swiss-fw.css<\/li>\n\n\n\n<li>typeanything-lato.css<\/li>\n<\/ul>\n\n\n\n<h3 class=\"wp-block-heading\"><span class=\"ez-toc-section\" id=\"Precision_annexe\"><\/span>Pr\u00e9cision annexe<span class=\"ez-toc-section-end\"><\/span><\/h3>\n\n\n\n<p>On trouve souvent sur le Web des feuilles de style utilisant syst\u00e9matiquement une division identifi\u00e9e avec <code>id=\"wrapper\"<\/code>. Ce nom signifie \u201cenveloppe\u201d et il identifie la plupart du temps une division englobant tous les \u00e9l\u00e9ments contenus dans le body.<\/p>\n\n\n\n<p>Si vous avez \u00e0 styliser rapidement une page HTML ainsi structur\u00e9e, voici 2 feuilles de styles qui vous permettront de le faire. Dans ces feuilles de style, tous les s\u00e9lecteurs sont de la forme <code>#wrapper element {propri\u00e9t\u00e9: valeur}<\/code>.<\/p>\n\n\n\n<p class=\"has-subtle-background-background-color has-background\">\u279c En utilisant les liens ci-dessous, vous pouvez <strong>tester 2 feuilles de styles utilisant l&rsquo;identifiant <code>id=\u201cwrapper\u201d<\/code><\/strong> pour s\u00e9lectionner les \u00e9l\u00e9ment de la page HTML.<\/p>\n\n\n\n<p><code>&lt;link rel=\"stylesheet\" href=\"http:\/\/graphizm.fr\/rwrn\/css-simples\/css-avec-wrapper\/swiss-bt.css\"&gt;<\/code><\/p>\n\n\n\n<p><code>&lt;link rel=\"stylesheet\" href=\"http:\/\/graphizm.fr\/rwrn\/css-simples\/css-avec-wrapper\/working.css\"&gt;<\/code><\/p>\n\n\n\n<p class=\"has-subtle-background-background-color has-background\">Ces feuilles de style s&rsquo;appliqueront correctement si et seulement si le contenu \u00e0 styliser est plac\u00e9 dans une division identifi\u00e9e avec <code>id=\"wrapper\"<\/code>.<\/p>\n\n\n\n<h3 class=\"wp-block-heading\"><span class=\"ez-toc-section\" id=\"Petit_bonus\"><\/span>Petit bonus<span class=\"ez-toc-section-end\"><\/span><\/h3>\n\n\n\n<p>\u279c <strong>Des variantes de la feuille de style awsm.css<\/strong> sont disponibles dans le dossier \u201cawsm-themes\u201d plac\u00e9 dans le dossier \u201ccss-simples\u201d.<\/p>\n\n\n\n<p>Voici un lien vers l&rsquo;une de ces variantes&nbsp;:<\/p>\n\n\n\n<p><code>&lt;link rel=\"stylesheet\" href=\"http:\/\/graphizm.fr\/rwrn\/css-simples\/awsm-themes\/awsm_theme_black.css\"&gt;<\/code><\/p>\n\n\n\n<h3 class=\"wp-block-heading\"><span class=\"ez-toc-section\" id=\"Les_feuilles_de_style_%E2%80%9Cclassless%E2%80%9D\"><\/span>Les feuilles de style \u201cclassless\u201d<span class=\"ez-toc-section-end\"><\/span><\/h3>\n\n\n\n<p>Vous pouvez \u00e9galement utiliser des feuilles de style dites \u201cclassless\u201d, dont les instructions s&rsquo;appliquent directement sur les balises s\u00e9mantiques du code HTML5.<\/p>\n\n\n\n<figure class=\"wp-block-image size-large\"><img loading=\"lazy\" decoding=\"async\" width=\"964\" height=\"1024\" src=\"https:\/\/graphizm.fr\/greta\/wp-content\/uploads\/2020\/10\/classless-downstyler-964x1024.png\" alt=\"feuille de style classless Downstyler sur le site classlesscss.com\" class=\"wp-image-7374\" srcset=\"https:\/\/graphizm.fr\/greta\/wp-content\/uploads\/2020\/10\/classless-downstyler-964x1024.png 964w, https:\/\/graphizm.fr\/greta\/wp-content\/uploads\/2020\/10\/classless-downstyler-565x600.png 565w, https:\/\/graphizm.fr\/greta\/wp-content\/uploads\/2020\/10\/classless-downstyler-768x816.png 768w, https:\/\/graphizm.fr\/greta\/wp-content\/uploads\/2020\/10\/classless-downstyler-1200x1275.png 1200w, https:\/\/graphizm.fr\/greta\/wp-content\/uploads\/2020\/10\/classless-downstyler.png 1410w\" sizes=\"auto, (max-width: 964px) 100vw, 964px\" \/><figcaption class=\"wp-element-caption\">Application de la feuille de style Downstyler sur la page d&rsquo;accueil du site classlesscss.com<\/figcaption><\/figure>\n\n\n\n<p>Vous en trouverez <strong>une liste sur les sites suivants<\/strong> :<\/p>\n\n\n\n<ul class=\"wp-block-list\">\n<li><a href=\"https:\/\/www.classlesscss.com\" target=\"_blank\" rel=\"noreferrer noopener\">classlesscss.com<\/a> (cliquez sur le menu de la page d&rsquo;accueil pour activer les diff\u00e9rentes feuilles de style list\u00e9es et en pr\u00e9visualiser ainsi le \u201clook\u201d)<\/li>\n\n\n\n<li><a href=\"https:\/\/github.com\/dbohdan\/classless-css\" target=\"_blank\" rel=\"noreferrer noopener\">classless-css<\/a> (liste tr\u00e8s compl\u00e8te)<\/li>\n\n\n\n<li><a href=\"https:\/\/guglielmopepe.github.io\/classless\/index.html\">Awesome Classless<\/a> (liste moins compl\u00e8te)<\/li>\n<\/ul>\n\n\n\n<p class=\"has-subtle-background-background-color has-background\">Ces <strong>feuilles de styles<\/strong> sont en g\u00e9n\u00e9ral h\u00e9berg\u00e9es sur des serveurs (CDN) et peuvent \u00eatre <strong>appel\u00e9es dans votre page Web en int\u00e9grant un lien<\/strong> tel que celui pr\u00e9sent\u00e9 ci-dessous (pour la feuille de style Downstyler).<\/p>\n\n\n\n<pre class=\"wp-block-code\"><code>&lt;link rel=\"stylesheet\" href=\"https:\/\/raw.githack.com\/waldyrious\/downstyler\/master\/downstyler.css\"&gt;<\/code><\/pre>\n\n\n\n<h2 class=\"wp-block-heading\"><span class=\"ez-toc-section\" id=\"Approfondir_le_sujet\"><\/span>Approfondir le sujet<span class=\"ez-toc-section-end\"><\/span><\/h2>\n\n\n\n<p>Le cours intitul\u00e9 <a rel=\"noreferrer noopener\" href=\"http:\/\/graphizm.fr\/greta\/rwrn\/rwrn-cours\/parapente-redaction-web\/\" target=\"_blank\">Le parapente de la r\u00e9daction Web<\/a> vous apportera des informations compl\u00e9mentaires sur le r\u00e9f\u00e9rencement naturel d&rsquo;une page Web. <strong>Plusieurs liens ont \u00e9t\u00e9 ins\u00e9r\u00e9s dans le cours, pour vous permettre d&rsquo;aller encore plus loin<\/strong>. Ce cours concerne davantage les apprenants se pr\u00e9parant \u00e0 valider le Titre Professionnel Designer Web.<\/p>\n\n\n\n<figure class=\"wp-block-image size-large\"><a href=\"http:\/\/graphizm.fr\/greta\/rwrn\/rwrn-cours\/parapente-redaction-web\/\" target=\"_blank\" rel=\"noopener noreferrer\"><img loading=\"lazy\" decoding=\"async\" width=\"966\" height=\"623\" src=\"http:\/\/graphizm.fr\/greta\/wp-content\/uploads\/2020\/10\/dispositif-porteur-et-message.png\" alt=\"\" class=\"wp-image-2743\" srcset=\"https:\/\/graphizm.fr\/greta\/wp-content\/uploads\/2020\/10\/dispositif-porteur-et-message.png 966w, https:\/\/graphizm.fr\/greta\/wp-content\/uploads\/2020\/10\/dispositif-porteur-et-message-600x387.png 600w, https:\/\/graphizm.fr\/greta\/wp-content\/uploads\/2020\/10\/dispositif-porteur-et-message-768x495.png 768w\" sizes=\"auto, (max-width: 966px) 100vw, 966px\" \/><\/a><\/figure>","protected":false},"excerpt":{"rendered":"<p>Dans ce TD nous allons apprendre \u00e0 structurer et styliser une page Web en tenant compte des contraintes de la r\u00e9daction et du r\u00e9f\u00e9rencement des pages Web. Nous utiliserons 3 outils&nbsp;: un \u00e9diteur Markdown en ligne (StackEdit), un \u00e9diteur de carte heuristique en ligne (TextToMindMap) et un \u00e9diteur de code en local (Brackets). Pour l&rsquo;utilisation [&hellip;]<\/p>","protected":false},"author":1,"featured_media":0,"comment_status":"closed","ping_status":"open","sticky":false,"template":"","format":"standard","meta":{"footnotes":""},"categories":[17,22],"tags":[],"class_list":["post-2450","post","type-post","status-publish","format-standard","hentry","category-rwrn","category-rwrn-exos"],"featured_image_urls_v2":{"full":"","thumbnail":"","medium":"","medium_large":"","large":"","1536x1536":"","2048x2048":"","post-thumbnail":"","twentytwenty-fullscreen":""},"post_excerpt_stackable_v2":"<p>Dans ce TD nous allons apprendre \u00e0 structurer et styliser une page Web en tenant compte des contraintes de la r\u00e9daction et du r\u00e9f\u00e9rencement des pages Web. Nous utiliserons 3 outils&nbsp;: un \u00e9diteur Markdown en ligne (StackEdit), un \u00e9diteur de carte heuristique en ligne (TextToMindMap) et un \u00e9diteur de code en local (Brackets). Pour l&rsquo;utilisation de l&rsquo;\u00e9diteur Markdown, je vous renvoie vers le cours intitul\u00e9 Utiliser StackEdit. Pour la prise en main et la personnalisation de l&rsquo;\u00e9diteur de code Brackets, je vous renvoie vers les cours Personnaliser Brackets et les activit\u00e9s propos\u00e9es dans le TD intitul\u00e9 Manipuler le code source\u2026<\/p>","category_list_v2":"<a href=\"https:\/\/graphizm.fr\/greta\/category\/rwrn\/\" rel=\"category tag\">RWRN<\/a>, <a href=\"https:\/\/graphizm.fr\/greta\/category\/rwrn\/rwrn-exos\/\" rel=\"category tag\">RWRN-exos<\/a>","author_info_v2":{"name":"Yves Goguely","url":"https:\/\/graphizm.fr\/greta\/author\/formationsgreta\/"},"comments_num_v2":"0 commentaire","_links":{"self":[{"href":"https:\/\/graphizm.fr\/greta\/wp-json\/wp\/v2\/posts\/2450","targetHints":{"allow":["GET"]}}],"collection":[{"href":"https:\/\/graphizm.fr\/greta\/wp-json\/wp\/v2\/posts"}],"about":[{"href":"https:\/\/graphizm.fr\/greta\/wp-json\/wp\/v2\/types\/post"}],"author":[{"embeddable":true,"href":"https:\/\/graphizm.fr\/greta\/wp-json\/wp\/v2\/users\/1"}],"replies":[{"embeddable":true,"href":"https:\/\/graphizm.fr\/greta\/wp-json\/wp\/v2\/comments?post=2450"}],"version-history":[{"count":141,"href":"https:\/\/graphizm.fr\/greta\/wp-json\/wp\/v2\/posts\/2450\/revisions"}],"predecessor-version":[{"id":7507,"href":"https:\/\/graphizm.fr\/greta\/wp-json\/wp\/v2\/posts\/2450\/revisions\/7507"}],"wp:attachment":[{"href":"https:\/\/graphizm.fr\/greta\/wp-json\/wp\/v2\/media?parent=2450"}],"wp:term":[{"taxonomy":"category","embeddable":true,"href":"https:\/\/graphizm.fr\/greta\/wp-json\/wp\/v2\/categories?post=2450"},{"taxonomy":"post_tag","embeddable":true,"href":"https:\/\/graphizm.fr\/greta\/wp-json\/wp\/v2\/tags?post=2450"}],"curies":[{"name":"wp","href":"https:\/\/api.w.org\/{rel}","templated":true}]}}