{"id":2723,"date":"2020-10-17T01:00:12","date_gmt":"2020-10-16T23:00:12","guid":{"rendered":"http:\/\/graphizm.fr\/greta\/?p=2723"},"modified":"2025-10-14T14:52:40","modified_gmt":"2025-10-14T12:52:40","slug":"parapente-redaction-web","status":"publish","type":"post","link":"https:\/\/graphizm.fr\/greta\/rwrn\/rwrn-cours\/parapente-redaction-web\/","title":{"rendered":"Le parapente de la r\u00e9daction Web"},"content":{"rendered":"\n<p class=\"has-subtle-background-background-color has-background\">Dans ce cours nous allons aborder les diff\u00e9rents \u00e9l\u00e9ments qu&rsquo;il faut associer pour <strong>assurer le r\u00e9f\u00e9rencement naturel d&rsquo;une page Web r\u00e9dig\u00e9e par vos soins<\/strong>.<\/p>\n\n\n\n<p><strong>Un message \u00e9crit parvient \u00e0 son destinataire quand il est port\u00e9 par une r\u00e9daction adapt\u00e9e au m\u00e9dia utilis\u00e9.<\/strong> La r\u00e9daction Web est une discipline tr\u00e8s technique. On ne s&rsquo;improvise pas r\u00e9dacteur Web. On n&rsquo;assemble pas un parapente sans mode d&#8217;emploi ni exp\u00e9rience pr\u00e9alable&nbsp;!<\/p>\n\n\n\n<figure class=\"wp-block-image size-large\"><img loading=\"lazy\" decoding=\"async\" width=\"966\" height=\"623\" src=\"http:\/\/graphizm.fr\/greta\/wp-content\/uploads\/2020\/10\/dispositif-porteur-et-message.png\" alt=\"\" class=\"wp-image-2743\" srcset=\"https:\/\/graphizm.fr\/greta\/wp-content\/uploads\/2020\/10\/dispositif-porteur-et-message.png 966w, https:\/\/graphizm.fr\/greta\/wp-content\/uploads\/2020\/10\/dispositif-porteur-et-message-600x387.png 600w, https:\/\/graphizm.fr\/greta\/wp-content\/uploads\/2020\/10\/dispositif-porteur-et-message-768x495.png 768w\" sizes=\"auto, (max-width: 966px) 100vw, 966px\" \/><\/figure>\n\n\n\n<p class=\"has-subtle-background-background-color has-background\">Vous n&rsquo;\u00eates pas le pilote du parapente, vous \u00eates le fabriquant du parapente. <strong>Quand vous r\u00e9digez pour le Web vous construisez un dispositif (le parapente) pour porter un message<\/strong> <strong>(le parapentiste)<\/strong>. Le dispositif porteur est complexe mais s&rsquo;il est assembl\u00e9 convenablement il remplit parfaitement son r\u00f4le.<\/p>\n\n\n\n<div id=\"ez-toc-container\" class=\"ez-toc-v2_0_82_2 counter-hierarchy ez-toc-counter ez-toc-custom ez-toc-container-direction\">\n<div class=\"ez-toc-title-container\">\n<p class=\"ez-toc-title\" style=\"cursor:inherit\">Sommaire<\/p>\n<span class=\"ez-toc-title-toggle\"><a href=\"#\" class=\"ez-toc-pull-right ez-toc-btn ez-toc-btn-xs ez-toc-btn-default ez-toc-toggle\" aria-label=\"Toggle Table of Content\"><span class=\"ez-toc-js-icon-con\"><span class=\"\"><span class=\"eztoc-hide\" style=\"display:none;\">Toggle<\/span><span class=\"ez-toc-icon-toggle-span\"><svg style=\"fill: #6b6b6b;color:#6b6b6b\" xmlns=\"http:\/\/www.w3.org\/2000\/svg\" class=\"list-377408\" width=\"20px\" height=\"20px\" viewBox=\"0 0 24 24\" fill=\"none\"><path d=\"M6 6H4v2h2V6zm14 0H8v2h12V6zM4 11h2v2H4v-2zm16 0H8v2h12v-2zM4 16h2v2H4v-2zm16 0H8v2h12v-2z\" fill=\"currentColor\"><\/path><\/svg><svg style=\"fill: #6b6b6b;color:#6b6b6b\" class=\"arrow-unsorted-368013\" xmlns=\"http:\/\/www.w3.org\/2000\/svg\" width=\"10px\" height=\"10px\" viewBox=\"0 0 24 24\" version=\"1.2\" baseProfile=\"tiny\"><path d=\"M18.2 9.3l-6.2-6.3-6.2 6.3c-.2.2-.3.4-.3.7s.1.5.3.7c.2.2.4.3.7.3h11c.3 0 .5-.1.7-.3.2-.2.3-.5.3-.7s-.1-.5-.3-.7zM5.8 14.7l6.2 6.3 6.2-6.3c.2-.2.3-.5.3-.7s-.1-.5-.3-.7c-.2-.2-.4-.3-.7-.3h-11c-.3 0-.5.1-.7.3-.2.2-.3.5-.3.7s.1.5.3.7z\"\/><\/svg><\/span><\/span><\/span><\/a><\/span><\/div>\n<nav><ul class='ez-toc-list ez-toc-list-level-1 eztoc-toggle-hide-by-default' ><li class='ez-toc-page-1 ez-toc-heading-level-2'><a class=\"ez-toc-link ez-toc-heading-1\" href=\"https:\/\/graphizm.fr\/greta\/rwrn\/rwrn-cours\/parapente-redaction-web\/#Informer_les_moteurs_de_recherche_pour_informer_les_lecteurs\" >Informer les moteurs de recherche pour informer les lecteurs<\/a><ul class='ez-toc-list-level-3' ><li class='ez-toc-heading-level-3'><a class=\"ez-toc-link ez-toc-heading-2\" href=\"https:\/\/graphizm.fr\/greta\/rwrn\/rwrn-cours\/parapente-redaction-web\/#Referencement_naturel_et_redaction_journalistique\" >R\u00e9f\u00e9rencement naturel et r\u00e9daction journalistique<\/a><\/li><\/ul><\/li><li class='ez-toc-page-1 ez-toc-heading-level-2'><a class=\"ez-toc-link ez-toc-heading-3\" href=\"https:\/\/graphizm.fr\/greta\/rwrn\/rwrn-cours\/parapente-redaction-web\/#Les_elements_du_parapente\" >Les \u00e9l\u00e9ments du parapente<\/a><ul class='ez-toc-list-level-3' ><li class='ez-toc-heading-level-3'><a class=\"ez-toc-link ez-toc-heading-4\" href=\"https:\/\/graphizm.fr\/greta\/rwrn\/rwrn-cours\/parapente-redaction-web\/#Laile_du_parapente\" >L&rsquo;aile du parapente<\/a><\/li><li class='ez-toc-page-1 ez-toc-heading-level-3'><a class=\"ez-toc-link ez-toc-heading-5\" href=\"https:\/\/graphizm.fr\/greta\/rwrn\/rwrn-cours\/parapente-redaction-web\/#Les_suspentes_du_parapente\" >Les suspentes du parapente<\/a><\/li><li class='ez-toc-page-1 ez-toc-heading-level-3'><a class=\"ez-toc-link ez-toc-heading-6\" href=\"https:\/\/graphizm.fr\/greta\/rwrn\/rwrn-cours\/parapente-redaction-web\/#Les_elevateurs_du_parapente\" >Les \u00e9l\u00e9vateurs du parapente<\/a><\/li><li class='ez-toc-page-1 ez-toc-heading-level-3'><a class=\"ez-toc-link ez-toc-heading-7\" href=\"https:\/\/graphizm.fr\/greta\/rwrn\/rwrn-cours\/parapente-redaction-web\/#Les_sangles_et_le_casque\" >Les sangles (et le casque)<\/a><\/li><li class='ez-toc-page-1 ez-toc-heading-level-3'><a class=\"ez-toc-link ez-toc-heading-8\" href=\"https:\/\/graphizm.fr\/greta\/rwrn\/rwrn-cours\/parapente-redaction-web\/#La_sellette_du_parapente\" >La sellette du parapente<\/a><\/li><\/ul><\/li><li class='ez-toc-page-1 ez-toc-heading-level-2'><a class=\"ez-toc-link ez-toc-heading-9\" href=\"https:\/\/graphizm.fr\/greta\/rwrn\/rwrn-cours\/parapente-redaction-web\/#En_savoir_plus\" >En savoir plus<\/a><\/li><li class='ez-toc-page-1 ez-toc-heading-level-2'><a class=\"ez-toc-link ez-toc-heading-10\" href=\"https:\/\/graphizm.fr\/greta\/rwrn\/rwrn-cours\/parapente-redaction-web\/#Document_complementaire\" >Document compl\u00e9mentaire<\/a><\/li><\/ul><\/nav><\/div>\n<h2 class=\"wp-block-heading\"><span class=\"ez-toc-section\" id=\"Informer_les_moteurs_de_recherche_pour_informer_les_lecteurs\"><\/span>Informer les moteurs de recherche pour informer les lecteurs<span class=\"ez-toc-section-end\"><\/span><\/h2>\n\n\n\n<p><strong>Une des fonctions de la r\u00e9daction Web est d&rsquo;informer correctement les moteurs de recherche.<\/strong> Il s&rsquo;agit de permettre au public vis\u00e9 de recevoir par l&rsquo;interm\u00e9diaire des moteurs de recherche les messages attendus, en r\u00e9ponse aux recherches effectu\u00e9e pr\u00e9alablement par le public sur les moteurs.<\/p>\n\n\n\n<p class=\"has-subtle-background-background-color has-background\"><strong>Vous ne r\u00e9digez pas prioritairement pour les moteurs de recherche<\/strong>. Vous r\u00e9digez pour des humains en composant avec des robots et leur comportement en partie pr\u00e9visible.<\/p>\n\n\n\n<h3 class=\"wp-block-heading\"><span class=\"ez-toc-section\" id=\"Referencement_naturel_et_redaction_journalistique\"><\/span>R\u00e9f\u00e9rencement naturel et r\u00e9daction journalistique<span class=\"ez-toc-section-end\"><\/span><\/h3>\n\n\n\n<p>Sur le sch\u00e9ma pr\u00e9sent\u00e9 plus bas, plusieurs points sont surlign\u00e9s en orange p\u00e2le. Il s&rsquo;agit des points que les moteurs de recherche prennent en compte plus particuli\u00e8rement. Ces points rel\u00e8vent d&rsquo;<strong>une technique r\u00e9dactionnelle caract\u00e9ristique de l&rsquo;\u00e9crit pour le Web<\/strong>.<\/p>\n\n\n\n<p>Les autres points se rapportent \u00e0 <strong>une technique r\u00e9dactionelle plus g\u00e9n\u00e9rale, relevant de l&rsquo;\u00e9crit journalistique<\/strong> et lib\u00e9r\u00e9e des contraintes du m\u00e9dia Web.<\/p>\n\n\n\n<p class=\"has-subtle-background-background-color has-background\">En r\u00e9alit\u00e9, les deux aspects techniques de la r\u00e9daction (r\u00e9f\u00e9rencement naturel et r\u00e9daction journalistique) se compl\u00e8tent parfaitement. L&rsquo;application de l&rsquo;une et de l&rsquo;autre des techniques rendront votre <strong>texte plus coh\u00e9rent et plus facile \u00e0 interpr\u00e9ter<\/strong> par vos lecteurs.<\/p>\n\n\n\n<h2 class=\"wp-block-heading\"><span class=\"ez-toc-section\" id=\"Les_elements_du_parapente\"><\/span>Les \u00e9l\u00e9ments du parapente <span class=\"ez-toc-section-end\"><\/span><\/h2>\n\n\n\n<p><strong>Nous allons nous int\u00e9resser \u00e0 la forme et non au fond.<\/strong> Quel que soit le sujet trait\u00e9 (quelle que soit la physionomie du message port\u00e9 \u2014 le parapentiste), la forme d&rsquo;un \u00e9crit pour le Web sera toujours celle d&rsquo;un parapente.<\/p>\n\n\n\n<figure class=\"wp-block-image size-large\"><a href=\"http:\/\/graphizm.fr\/greta\/wp-content\/uploads\/2020\/10\/parapente-redaction-web-referencement-naturel-07.jpg\" target=\"_blank\" rel=\"noopener noreferrer\"><img loading=\"lazy\" decoding=\"async\" width=\"1024\" height=\"690\" src=\"http:\/\/graphizm.fr\/greta\/wp-content\/uploads\/2020\/10\/parapente-redaction-web-referencement-naturel-07-1024x690.jpg\" alt=\"\" class=\"wp-image-2895\" srcset=\"https:\/\/graphizm.fr\/greta\/wp-content\/uploads\/2020\/10\/parapente-redaction-web-referencement-naturel-07-1024x690.jpg 1024w, https:\/\/graphizm.fr\/greta\/wp-content\/uploads\/2020\/10\/parapente-redaction-web-referencement-naturel-07-600x404.jpg 600w, https:\/\/graphizm.fr\/greta\/wp-content\/uploads\/2020\/10\/parapente-redaction-web-referencement-naturel-07-768x517.jpg 768w, https:\/\/graphizm.fr\/greta\/wp-content\/uploads\/2020\/10\/parapente-redaction-web-referencement-naturel-07.jpg 1044w\" sizes=\"auto, (max-width: 1024px) 100vw, 1024px\" \/><\/a><\/figure>\n\n\n\n<p class=\"has-subtle-background-background-color has-background\"><strong>R\u00e9f\u00e9rencement, r\u00e9daction et structuration sont \u00e9troitement li\u00e9s<\/strong>, comme le sont l&rsquo;aile du parapente, les suspentes, les \u00e9l\u00e9vateurs, la sellette et ses sangles.<\/p>\n\n\n\n<h3 class=\"wp-block-heading\"><span class=\"ez-toc-section\" id=\"Laile_du_parapente\"><\/span>L&rsquo;aile du parapente<span class=\"ez-toc-section-end\"><\/span><\/h3>\n\n\n\n<p>Compos\u00e9e de caissons juxtapos\u00e9s, l&rsquo;aile est associ\u00e9e \u00e0 4 points fondamentaux&nbsp;:<\/p>\n\n\n\n<ul class=\"wp-block-list\">\n<li>La pertinence du sujet<\/li>\n\n\n\n<li>La fiabilit\u00e9 du propos<\/li>\n\n\n\n<li>Le poids des r\u00e9f\u00e9rences externes<\/li>\n\n\n\n<li>La qualit\u00e9 du maillage interne<\/li>\n<\/ul>\n\n\n\n<p>Sont associ\u00e9s sur l&rsquo;aile deux premiers points relevant de choix de communication d&rsquo;ordre journalistique et \u00e9thique. Les deux autres points sont en lien avec le m\u00e9dia Web. Ces deux derniers points m\u00e9ritent quelques pr\u00e9cisions. <\/p>\n\n\n\n<h4 class=\"wp-block-heading\">Le poids des r\u00e9f\u00e9rences externes<\/h4>\n\n\n\n<p>Les r\u00e9f\u00e9rences externes d\u00e9signent pas les liens que vous ins\u00e9rez dans votre texte pour illustrer ou compl\u00e9ter votre propos. Il s&rsquo;agit ici de liens qui pointent<strong> de l&rsquo;ext\u00e9rieur vers votre texte<\/strong>. Plus pr\u00e9cis\u00e9ment, il s&rsquo;agit de liens ins\u00e9r\u00e9s dans les textes de sites \u00e0 tr\u00e8s forte fr\u00e9quentation pointant vers votre propres site. On les nomment aussi <strong>liens entrants ou backlinks<\/strong>.<\/p>\n\n\n\n<p>Si un site connu mentionne votre site en r\u00e9f\u00e9rence et met en place un lien pointant vers lui, c&rsquo;est un levier puissant de r\u00e9f\u00e9rencement de votre propre site. <strong>La position de votre site dans les r\u00e9sultats de recherche est donc en grande partie li\u00e9e \u00e0 votre r\u00e9putation aupr\u00e8s des t\u00e9nors du secteur.<\/strong><\/p>\n\n\n\n<p>Ce \u201cparrainage\u201d des petits par les grands ne peut \u00eatre envisag\u00e9 qu&rsquo;avec des contenus de qualit\u00e9, pertinents et fiables, r\u00e9dig\u00e9s selon les r\u00e8gles en usage. Je vous invite \u00e0 visionner cette vid\u00e9o de Jean-Marc Hardy pour \u00e9valuer \u00e0 sa juste mesure le poids des r\u00e9f\u00e9rences externes.<\/p>\n\n\n\n<figure class=\"wp-block-embed is-type-video is-provider-youtube wp-block-embed-youtube wp-embed-aspect-16-9 wp-has-aspect-ratio\"><div class=\"wp-block-embed__wrapper\">\n<iframe loading=\"lazy\" title=\"Le corbeau et le renard - version SEO&nbsp;!\" width=\"580\" height=\"326\" src=\"https:\/\/www.youtube.com\/embed\/7rwT5OYskCo?feature=oembed\" frameborder=\"0\" allow=\"accelerometer; autoplay; clipboard-write; encrypted-media; gyroscope; picture-in-picture; web-share\" referrerpolicy=\"strict-origin-when-cross-origin\" allowfullscreen><\/iframe>\n<\/div><\/figure>\n\n\n\n<h4 class=\"wp-block-heading\">La qualit\u00e9 du maillage interne<\/h4>\n\n\n\n<p>Le maillage interne d\u00e9signe le r\u00e9seau de liens int\u00e9gr\u00e9s dans le texte et pointant vers les diff\u00e9rentes parties du texte. C&rsquo;est le cas quand il s&rsquo;agit d&rsquo;une seule page Web (site one page). Le maillage interne d\u00e9signe aussi <strong>l&rsquo;ensemble des liens qui pointent vers les diff\u00e9rentes pages d&rsquo;un m\u00eame site<\/strong> (quand celui-ci est multipage).<\/p>\n\n\n\n<p class=\"has-subtle-background-background-color has-background\">Les liens de page \u00e0 page peuvent pointer sur telle ou telle partie de la page cible (c&rsquo;est m\u00eame recommand\u00e9). C&rsquo;est plus confortable pour le lecteur. De plus, <strong>cette pr\u00e9cision de pointage est prise en compte par les moteurs de recherche<\/strong>.<\/p>\n\n\n\n<p><strong>La pertinence de ce maillage est aussi un point important<\/strong> pour l&rsquo;optimisation du r\u00e9f\u00e9rencement naturel. La pertinence du maillage interne repose sur l&rsquo;ad\u00e9quation s\u00e9mantique \u2014 <strong>les acteurs du SEO parlent d&rsquo;<a rel=\"noreferrer noopener\" href=\"https:\/\/www.referencement-naturel-white-hat.fr\/lien-ideal-entre-pages-parfaites-cours-7-de-semantique-seo\/#:~:text=Deux%20pages%20sont%20en%20affinit%C3%A9,th%C3%A9matiques%20des%20pages%20en%20question.\" target=\"_blank\">affinit\u00e9<\/a><\/strong> \u2014 entre la page source et la page cible. Il est n\u00e9cessaire que le sujet de la page cible compl\u00e8te vraiment le sujet de la page source.<\/p>\n\n\n\n<h4 class=\"wp-block-heading\">Pertinence du sujet et fiabilit\u00e9 du propos<\/h4>\n\n\n\n<p><strong>La pertinence et la fiabilit\u00e9<\/strong> ne sont seulement une question d&rsquo;\u00e9thique journalistique. C&rsquo;est <strong>la meilleure garantie pour \u00eatre rep\u00e9r\u00e9 par des lecteurs s\u00e9rieux <\/strong>puis r\u00e9f\u00e9renc\u00e9 rapidement par des t\u00e9nors du Web ayant toute la confiance de leur lectorat.<\/p>\n\n\n\n<p>Prenez le temps de peaufiner votre documentation, <strong>v\u00e9rifiez vos sources<\/strong>, soyez honn\u00eate dans votre argumentation, bref, soyez pros&nbsp;!<\/p>\n\n\n\n<figure class=\"wp-block-image size-large\"><a href=\"http:\/\/graphizm.fr\/greta\/wp-content\/uploads\/2020\/10\/parapente-redaction-web-referencement-naturel-05.jpg\" target=\"_blank\" rel=\"noopener noreferrer\"><img loading=\"lazy\" decoding=\"async\" width=\"1024\" height=\"559\" src=\"http:\/\/graphizm.fr\/greta\/wp-content\/uploads\/2020\/10\/parapente-redaction-web-referencement-naturel-05-1024x559.jpg\" alt=\"\" class=\"wp-image-2896\" srcset=\"https:\/\/graphizm.fr\/greta\/wp-content\/uploads\/2020\/10\/parapente-redaction-web-referencement-naturel-05-1024x559.jpg 1024w, https:\/\/graphizm.fr\/greta\/wp-content\/uploads\/2020\/10\/parapente-redaction-web-referencement-naturel-05-600x327.jpg 600w, https:\/\/graphizm.fr\/greta\/wp-content\/uploads\/2020\/10\/parapente-redaction-web-referencement-naturel-05-768x419.jpg 768w, https:\/\/graphizm.fr\/greta\/wp-content\/uploads\/2020\/10\/parapente-redaction-web-referencement-naturel-05.jpg 1045w\" sizes=\"auto, (max-width: 1024px) 100vw, 1024px\" \/><\/a><\/figure>\n\n\n\n<p>Il est recommand\u00e9 d&rsquo;ins\u00e9rer au minimum trois types de liens dans un article ou une page Web&nbsp;:<\/p>\n\n\n\n<ul class=\"wp-block-list\">\n<li>Un lien <strong>vers une autre page du site<\/strong><\/li>\n\n\n\n<li>un lien <strong>vers un site partenaire<\/strong> (non concurrentiel), pour compl\u00e9ter vos \u00e9crits<\/li>\n\n\n\n<li>un lien <strong>vers un site d&rsquo;autorit\u00e9<\/strong>, pour appuyer votre propos<\/li>\n<\/ul>\n\n\n\n<h3 class=\"wp-block-heading\"><span class=\"ez-toc-section\" id=\"Les_suspentes_du_parapente\"><\/span>Les suspentes du parapente<span class=\"ez-toc-section-end\"><\/span><\/h3>\n\n\n\n<p>Les suspentes du parapentes repr\u00e9sentent ici les ficelles du m\u00e9tier de r\u00e9dacteur&#8230; Pour \u00eatre plus exact, il s&rsquo;agit de la grosse ficelle qui consiste \u00e0 miser sur <strong>la proximit\u00e9 du propos avec les besoins du lecteur<\/strong>.<\/p>\n\n\n\n<p>Le r\u00e9dacteur Web s&rsquo;adresse \u00e0 un \u201cpersona\u201d. Il \u00e9crit pour une personne virtuelle, un lecteur qu&rsquo;il conna\u00eet \u00e0 travers ses habitudes et besoins suppos\u00e9s. Il s&rsquo;agit l\u00e0 d&rsquo;un aspect courant dans une d\u00e9marche centr\u00e9e utilisateur. Pour plus de d\u00e9tails \u00e0 ce sujet je vous renvoie vers quelques sites et articles \u00e9difiants&nbsp;:<\/p>\n\n\n\n<ul class=\"wp-block-list\">\n<li><a href=\"https:\/\/wriiters.com\/fr\/content\/23-rater-brief-redaction-web#:~:text=En%20jargon%20webmarketing%20on%20appelle,contenus%20qui%20ciblent%20chaque%20persona.\" target=\"_blank\" rel=\"noreferrer noopener\">https:\/\/wriiters.com\/fr\/<\/a> (<em>vous allez en apprendre bien plus que pr\u00e9vu<\/em>&#8230;)<\/li>\n\n\n\n<li><a href=\"https:\/\/commundeclic.com\/persona-outil-indispensable-strategie-contenu-web\/\" target=\"_blank\" rel=\"noreferrer noopener\">https:\/\/commundeclic.com\/<\/a> (<em>le sujet est envisag\u00e9 ici dans un contexte marketing<\/em>&#8230;)<\/li>\n<\/ul>\n\n\n\n<p>Ayant identifi\u00e9 votre interlocuteur, vous allez pouvoir \u201csuspendre\u201d votre texte \u00e0 votre sujet pertinent et \u00e0 votre documentation fiable (l&rsquo;aile du dispositif).<\/p>\n\n\n\n<p class=\"has-subtle-background-background-color has-background\">La sellette du parapente est reli\u00e9 \u00e0 l&rsquo;aile par 2 \u00e9l\u00e9vateurs auxquels sont fix\u00e9es les suspentes. Notre sch\u00e9ma en montre 4 (&#8230; sur les 6 traits dessin\u00e9s, 2 sont les freins). En r\u00e9alit\u00e9 il y en a bien plus&nbsp;!<\/p>\n\n\n\n<p>Convenons que <strong>chaque suspente est une affirmation ayant un rapport de proximit\u00e9 avec votre persona<\/strong> (votre lecteur ou lectrice cible). Nous pourrions classer ces affirmations en plusieurs groupes, chacun faisant respectivement appel \u00e0&nbsp;:<\/p>\n\n\n\n<ul class=\"wp-block-list\">\n<li>la <strong>proximit\u00e9 temporelle <\/strong>(<em>actualit\u00e9 du sujet trait\u00e9<\/em>&#8230;)<\/li>\n\n\n\n<li>la <strong>proximit\u00e9 g\u00e9ographique<\/strong> (<em>proche du domicile ou du lieu d&rsquo;activit\u00e9 du lecteur<\/em>&#8230;)<\/li>\n\n\n\n<li>la <strong>proximit\u00e9 socio-professionnelle<\/strong> (<em>concernant le m\u00e9tier et le statut du persona<\/em>&#8230;)<\/li>\n\n\n\n<li>la <strong>proximit\u00e9 psycho-affective<\/strong> (<em>proche des pr\u00e9occupations et des d\u00e9sirs du lecteur-cible<\/em>&#8230;)<\/li>\n<\/ul>\n\n\n\n<h3 class=\"wp-block-heading\"><span class=\"ez-toc-section\" id=\"Les_elevateurs_du_parapente\"><\/span>Les \u00e9l\u00e9vateurs du parapente<span class=\"ez-toc-section-end\"><\/span><\/h3>\n\n\n\n<p>Les \u00e9l\u00e9vateurs servent de liaison entre la sellette et les suspentes. Sur le sch\u00e9ma du parapente, ils sont rep\u00e9r\u00e9s par 2 points verts se rapportant \u00e0 l&rsquo;<strong>adaptation du lexique au lectorat<\/strong> (public cible) et au <strong>respect des codes de l&rsquo;\u00e9crit<\/strong>.<\/p>\n\n\n\n<figure class=\"wp-block-image size-large\"><a href=\"http:\/\/graphizm.fr\/greta\/wp-content\/uploads\/2020\/10\/parapente-redaction-web-referencement-naturel-04.jpg\" target=\"_blank\" rel=\"noopener noreferrer\"><img loading=\"lazy\" decoding=\"async\" width=\"1024\" height=\"655\" src=\"http:\/\/graphizm.fr\/greta\/wp-content\/uploads\/2020\/10\/parapente-redaction-web-referencement-naturel-04-1024x655.jpg\" alt=\"\" class=\"wp-image-2893\" srcset=\"https:\/\/graphizm.fr\/greta\/wp-content\/uploads\/2020\/10\/parapente-redaction-web-referencement-naturel-04-1024x655.jpg 1024w, https:\/\/graphizm.fr\/greta\/wp-content\/uploads\/2020\/10\/parapente-redaction-web-referencement-naturel-04-600x384.jpg 600w, https:\/\/graphizm.fr\/greta\/wp-content\/uploads\/2020\/10\/parapente-redaction-web-referencement-naturel-04-768x491.jpg 768w, https:\/\/graphizm.fr\/greta\/wp-content\/uploads\/2020\/10\/parapente-redaction-web-referencement-naturel-04.jpg 1043w\" sizes=\"auto, (max-width: 1024px) 100vw, 1024px\" \/><\/a><\/figure>\n\n\n\n<h4 class=\"wp-block-heading\">L&rsquo;adaptation du lexique au public cible<\/h4>\n\n\n\n<p>L&rsquo;adaptation du lexique au public cible consiste \u00e0 choisir son vocabulaire en fonction des lecteurs auxquels le texte s&rsquo;adresse. Faut-il utiliser tel ou tel mot technique appartenant aux <strong>jargons professionnels<\/strong> quand on s&rsquo;adresse au grand public&nbsp;? Est-il appropri\u00e9 d&rsquo;utiliser des termes appartenant aux <strong>langages familiers<\/strong> dans un article de fond adress\u00e9 \u00e0 des scientifiques&nbsp;?<\/p>\n\n\n\n<p>Consid\u00e9rez le mot \u201clectorat\u201d et l&rsquo;expression \u201cpublic cible\u201d. Lequel de ces 2 termes vous semble le plus adapt\u00e9 au public des apprenants en formation au GRETA&nbsp;? Ces 2 termes n&rsquo;appartiennent pas exactement au m\u00eame <strong>niveau de langage<\/strong> (registre de langue).<\/p>\n\n\n\n<p>Les 2 termes ne s&rsquo;ins\u00e8rent pas non plus exactement dans le m\u00eame <strong>champ s\u00e9mantique<\/strong>. Nous reviendrons plus bas sur la question du champ s\u00e9mantique.<\/p>\n\n\n\n<p>En annexe d&rsquo;une page Web utilisant des mots nouveaux ou inhabituels pour les lecteurs, il est recommand\u00e9 d&rsquo;<strong>ins\u00e9rer un glossaire<\/strong>. Proposer un lien vers un glossaire existant est une alternative envisageable. Elle conduit cependant votre lecteur hors de l&rsquo;espace de communication mis en place.<\/p>\n\n\n\n<p>Le mot \u201cglossaire\u201d est parfois remplac\u00e9 par les mots \u201clexique\u201d ou \u201cvocabulaire\u201d. Voici un <strong>exemple de lexique en annexe<\/strong>, concernant la formation professionnelle&nbsp;: <a rel=\"noreferrer noopener\" href=\"https:\/\/www.helloworkplace.fr\/lexique-formation-professionnelle\/\" target=\"_blank\">https:\/\/www.helloworkplace.fr\/lexique-formation-professionnelle\/<\/a><\/p>\n\n\n\n<h5 class=\"wp-block-heading\">Liens pour approfondir le sujet<\/h5>\n\n\n\n<ul class=\"wp-block-list\">\n<li><a href=\"https:\/\/www.wikiwand.com\/fr\/Registres_de_langue_en_fran%C3%A7ais\" target=\"_blank\" rel=\"noreferrer noopener\">https:\/\/www.wikiwand.com\/fr\/Registres_de_langue_en_fran\u00e7ais<\/a><\/li>\n\n\n\n<li><a href=\"https:\/\/www.etudes-litteraires.com\/figures-de-style\/niveaux-de-langage.php\" target=\"_blank\" rel=\"noreferrer noopener\">https:\/\/www.etudes-litteraires.com\/figures-de-style\/niveaux-de-langage.php<\/a><\/li>\n\n\n\n<li><a href=\"https:\/\/www.corevi.fr\/blog\/quest-quun-lexique\/\" target=\"_blank\" rel=\"noreferrer noopener\">https:\/\/www.corevi.fr\/blog\/quest-quun-lexique\/<\/a><\/li>\n<\/ul>\n\n\n\n<h4 class=\"wp-block-heading\">Le respect des codes de l&rsquo;\u00e9crit<\/h4>\n\n\n\n<p>Les codes de l&rsquo;\u00e9crit dont il est question ici ne se cantonnent pas aux seuls codes de l&rsquo;\u00e9crit pour le Web. Il s&rsquo;agit des codes de l&rsquo;\u00e9crit en g\u00e9n\u00e9ral&nbsp;:<\/p>\n\n\n\n<ul class=\"wp-block-list\">\n<li>la syntaxe de la langue (la construction des phrases)&nbsp;;<\/li>\n\n\n\n<li>l&rsquo;orthographe lexicale et grammaticale (l&rsquo;\u00e9criture usuelle des mots et les changements d&rsquo;\u00e9criture li\u00e9s \u00e0 leur fonction grammaticale dans la phrase)&nbsp;;<\/li>\n\n\n\n<li>la ponctuation (la mani\u00e8re de s\u00e9parer les parties d&rsquo;une phrase pour en am\u00e9liorer la compr\u00e9hension).<\/li>\n<\/ul>\n\n\n\n<p>L&rsquo;apprentissage de ces codes s&rsquo;effectue d\u00e8s les premi\u00e8res ann\u00e9es de la scolarit\u00e9. En r\u00e9viser les nombreux aspects au cours de sa vie professionnelle est vivement recommand\u00e9. La r\u00e9daction est une activit\u00e9 tr\u00e8s cadr\u00e9e&nbsp;!<\/p>\n\n\n\n<h5 class=\"wp-block-heading\">Lien pour approfondir le sujet<\/h5>\n\n\n\n<ul class=\"wp-block-list\">\n<li><a href=\"https:\/\/bien-ecrire.fr\/quatre-regles-dun-ecrit-de-travail-efficace\/\" target=\"_blank\" rel=\"noreferrer noopener\">https:\/\/bien-ecrire.fr\/quatre-regles-dun-ecrit-de-travail-efficace\/<\/a><\/li>\n<\/ul>\n\n\n\n<h3 class=\"wp-block-heading\"><span class=\"ez-toc-section\" id=\"Les_sangles_et_le_casque\"><\/span>Les sangles (et le casque)<span class=\"ez-toc-section-end\"><\/span><\/h3>\n\n\n\n<p>Sangles et casque sont des \u00e9l\u00e9ments de s\u00e9curit\u00e9. Il s&rsquo;agit de veiller \u00e0 ce que le message soit bien attach\u00e9 \u00e0 la structure du texte. Il faut que toutes les conditions SEO soient remplies pour que le message arrive \u00e0 destination.<\/p>\n\n\n\n<figure class=\"wp-block-image size-large\"><img loading=\"lazy\" decoding=\"async\" width=\"1024\" height=\"655\" src=\"http:\/\/graphizm.fr\/greta\/wp-content\/uploads\/2020\/10\/parapente-redaction-web-referencement-naturel-04-1024x655.jpg\" alt=\"\" class=\"wp-image-2893\" srcset=\"https:\/\/graphizm.fr\/greta\/wp-content\/uploads\/2020\/10\/parapente-redaction-web-referencement-naturel-04-1024x655.jpg 1024w, https:\/\/graphizm.fr\/greta\/wp-content\/uploads\/2020\/10\/parapente-redaction-web-referencement-naturel-04-600x384.jpg 600w, https:\/\/graphizm.fr\/greta\/wp-content\/uploads\/2020\/10\/parapente-redaction-web-referencement-naturel-04-768x491.jpg 768w, https:\/\/graphizm.fr\/greta\/wp-content\/uploads\/2020\/10\/parapente-redaction-web-referencement-naturel-04.jpg 1043w\" sizes=\"auto, (max-width: 1024px) 100vw, 1024px\" \/><\/figure>\n\n\n\n<h4 class=\"wp-block-heading\">Un choix pertinent de mots cl\u00e9s<\/h4>\n\n\n\n<p>Le choix des expressions et mots cl\u00e9s est une \u00e9tape cl\u00e9 du SEO. La pertinence d&rsquo;une expression ou mot cl\u00e9 repose sur plusieurs facteurs&nbsp;:<\/p>\n\n\n\n<ul class=\"wp-block-list\">\n<li>la fr\u00e9quence de recherche de ce mot-cl\u00e9 sur Google<\/li>\n\n\n\n<li>la coh\u00e9rence de ce mot cl\u00e9 par rapport au sujet trait\u00e9 <\/li>\n\n\n\n<li>l&rsquo;efficacit\u00e9 du mots cl\u00e9 sur le plan marketing<\/li>\n<\/ul>\n\n\n\n<p>Il existe plusieurs outils \u00e0 disposition des r\u00e9dacteurs et des r\u00e9f\u00e9renceurs pour d\u00e9terminer la pertinence d&rsquo;un mot cl\u00e9. Vous \u00e9tudierez cela en web marketing. Un concept doit cependant \u00eatre bien compris avant de mener cette \u00e9tude&nbsp;: <strong>la courte, moyenne et longue tra\u00eene<\/strong>.<\/p>\n\n\n\n<p>Voici une vid\u00e9o d&rsquo;<strong>Oliver Andrieu<\/strong>, sp\u00e9cialiste SEO reconnu, qui explique assez clairement de quoi il s&rsquo;agit.<\/p>\n\n\n\n<figure class=\"wp-block-embed is-type-video is-provider-youtube wp-block-embed-youtube wp-embed-aspect-16-9 wp-has-aspect-ratio\"><div class=\"wp-block-embed__wrapper\">\n<iframe loading=\"lazy\" title=\"Courte, Moyenne et Longue Tra\u00eene - Vid\u00e9o SEO Abondance N\u00b0169\" width=\"580\" height=\"326\" src=\"https:\/\/www.youtube.com\/embed\/XabusGzsr8g?feature=oembed\" frameborder=\"0\" allow=\"accelerometer; autoplay; clipboard-write; encrypted-media; gyroscope; picture-in-picture; web-share\" referrerpolicy=\"strict-origin-when-cross-origin\" allowfullscreen><\/iframe>\n<\/div><\/figure>\n\n\n\n<h4 class=\"wp-block-heading\">Des mots cl\u00e9s aux endroits strat\u00e9giques<\/h4>\n\n\n\n<p>En SEO, il est primordial de prendre en compte les endroits de la page examin\u00e9s prioritairement par Google. Ce sont dans ces endroits, qualifi\u00e9s de strat\u00e9giques, que doivent \u00eatre plac\u00e9es les expressions et mots cl\u00e9s. On les nomment les endroits chauds de la page.<\/p>\n\n\n<div class=\"wp-block-image\">\n<figure class=\"aligncenter size-large\"><img loading=\"lazy\" decoding=\"async\" width=\"529\" height=\"1024\" src=\"https:\/\/graphizm.fr\/greta\/wp-content\/uploads\/2021\/04\/position_mot_cle_infographie-529x1024.jpg\" alt=\"\" class=\"wp-image-4975\" srcset=\"https:\/\/graphizm.fr\/greta\/wp-content\/uploads\/2021\/04\/position_mot_cle_infographie-529x1024.jpg 529w, https:\/\/graphizm.fr\/greta\/wp-content\/uploads\/2021\/04\/position_mot_cle_infographie-310x600.jpg 310w, https:\/\/graphizm.fr\/greta\/wp-content\/uploads\/2021\/04\/position_mot_cle_infographie-768x1487.jpg 768w, https:\/\/graphizm.fr\/greta\/wp-content\/uploads\/2021\/04\/position_mot_cle_infographie-793x1536.jpg 793w, https:\/\/graphizm.fr\/greta\/wp-content\/uploads\/2021\/04\/position_mot_cle_infographie.jpg 842w\" sizes=\"auto, (max-width: 529px) 100vw, 529px\" \/><figcaption class=\"wp-element-caption\">Source&nbsp;: <a href=\"https:\/\/www.keacrea.com\/position-mots-cles-page-web\" target=\"_blank\" rel=\"noreferrer noopener\">https:\/\/www.keacrea.com\/position-mots-cles-page-web<\/a><\/figcaption><\/figure>\n<\/div>\n\n\n<h4 class=\"wp-block-heading\">Un champ s\u00e9mantique coh\u00e9rent<\/h4>\n\n\n\n<p>Pour \u00eatre positionn\u00e9 dans une page de r\u00e9sultats de recherche, il est indispensable de travailler la coh\u00e9rence du champ s\u00e9mantique de chaque page Web. Cela consiste \u00e0 utiliser un lexique parfaitement adapt\u00e9 au sujet trait\u00e9, enrichi par des expressions en \u00e9troit rapport avec la th\u00e9matique de la page.<\/p>\n\n\n\n<p><strong>L&rsquo;outil le plus simple \u00e0 mettre en \u0153uvre<\/strong> pour \u00e9valuer la pertinence du champ s\u00e9mantique utilis\u00e9 est l&rsquo;extension du navigateur Chrome nomm\u00e9e <a rel=\"noreferrer noopener\" href=\"https:\/\/chrome.google.com\/webstore\/detail\/textoptimizer\/fdbbkmpdjmpnebmdgbhcodhlafiicnkd\" target=\"_blank\">Text Optimizer<\/a>. Cet outil est un produit annexe de l&rsquo;application en ligne <a rel=\"noreferrer noopener\" href=\"https:\/\/1.fr\/\" target=\"_blank\">1.fr<\/a>, destin\u00e9e \u00e0 optimiser le choix lexical en r\u00e9daction Web. Limit\u00e9 dans leur version gratuite, ces outils peuvent cependant \u00eatre test\u00e9s une dizaine de fois dans une journ\u00e9e.<\/p>\n\n\n\n<h5 class=\"wp-block-heading\"><strong>Lien pour approfondir le sujet<\/strong><\/h5>\n\n\n\n<p><a rel=\"noreferrer noopener\" href=\"https:\/\/semji.com\/fr\/blog\/les-meilleurs-outils-analyse-semantique\/#:~:text=Les%20outils%20d'analyse%20s%C3%A9mantique%20permettent%20de%20conna%C3%AEtre%20les%20intentions,pour%20r%C3%A9pondre%20%C3%A0%20sa%20requ%C3%AAte.\" target=\"_blank\">Les meilleurs outils d&rsquo;analyse s\u00e9mantique<\/a><br><a rel=\"noreferrer noopener\" href=\"https:\/\/www.anthedesign.fr\/redaction-web\/champ-semantique\/\" target=\"_blank\">Pourquoi et comment optimiser le champ s\u00e9mantique SEO de vos articles<\/a><\/p>\n\n\n\n<h4 class=\"wp-block-heading\">Une quantit\u00e9 suffisante de mots<\/h4>\n\n\n\n<p>Pour que Google puisse analyser correctement le contenu d&rsquo;une page Web, il est n\u00e9cessaire de lui fournir un maximum d&rsquo;\u00e9l\u00e9ments. Il est recommand\u00e9 de r\u00e9diger des textes d&rsquo;au moins 1000 mots. <strong>Le r\u00e9f\u00e9rencement id\u00e9al s&rsquo;effectue statistiquement sur des textes de 1500 \u00e0 3000 mots<\/strong>.<\/p>\n\n\n\n<p>En SEO, il est souvent question d&rsquo;<strong>une limite de 300 mots minimum<\/strong> (voir l&rsquo;article d&rsquo;Alain Vanolli, un peu plus bas&#8230;). Cela concerne des contenus r\u00e9dactionnels relativement synth\u00e9tiques. Se positionner dans le top10 des pages de r\u00e9sultat de Google avec si peu de mots suppose un traitement optimal du sujet. Avec une grande pertinence de propos et une grande qualit\u00e9 de structuration, c&rsquo;est possible&nbsp;!<\/p>\n\n\n\n<p>En vous documentant sur la question, vous allez voir que le longueur du texte est un param\u00e8tre SEO parmi d&rsquo;autres. La longueur du texte entre en compte parall\u00e8lement \u00e0 la pertinence du propos. Elle est \u00e0 prendre en consid\u00e9ration en fonction votre r\u00e9putation en ligne et de la concurrence rencontr\u00e9e sur le sujet trait\u00e9.<\/p>\n\n\n\n<p><strong>Olivier Andrieu<\/strong>, a publi\u00e9 r\u00e9cemment une capsule vid\u00e9o sur le sujet, je vous invite \u00e0 la visionner.<\/p>\n\n\n\n<figure class=\"wp-block-embed is-type-video is-provider-youtube wp-block-embed-youtube wp-embed-aspect-16-9 wp-has-aspect-ratio\"><div class=\"wp-block-embed__wrapper\">\n<iframe loading=\"lazy\" title=\"Quelle est la taille id\u00e9ale d&#039;un texte en SEO&nbsp;? Vid\u00e9o SEO Abondance N\u00b0161\" width=\"580\" height=\"326\" src=\"https:\/\/www.youtube.com\/embed\/IDElw0Z7WaE?start=300&#038;feature=oembed\" frameborder=\"0\" allow=\"accelerometer; autoplay; clipboard-write; encrypted-media; gyroscope; picture-in-picture; web-share\" referrerpolicy=\"strict-origin-when-cross-origin\" allowfullscreen><\/iframe>\n<\/div><\/figure>\n\n\n\n<h5 class=\"wp-block-heading\">En apprendre davantage avec Alain Vanolli<\/h5>\n\n\n\n<ul class=\"wp-block-list\">\n<li><a href=\"https:\/\/alain-vanolli.fr\/combien-de-mots-pour-un-article-de-blog\/\" target=\"_blank\" rel=\"noreferrer noopener\">https:\/\/alain-vanolli.fr\/combien-de-mots-pour-un-article-de-blog\/<\/a><\/li>\n\n\n\n<li><a href=\"https:\/\/alain-vanolli.fr\/300-mots-minimum-pour-etre-reference-dans-google\/\" target=\"_blank\" rel=\"noreferrer noopener\">https:\/\/alain-vanolli.fr\/300-mots-minimum-pour-etre-reference-dans-google\/<\/a><\/li>\n<\/ul>\n\n\n\n<h3 class=\"wp-block-heading\"><span class=\"ez-toc-section\" id=\"La_sellette_du_parapente\"><\/span>La sellette du parapente<span class=\"ez-toc-section-end\"><\/span><\/h3>\n\n\n\n<p>Les \u00e9l\u00e9vateurs sont fix\u00e9s \u00e0 la sellette du parapente. L&rsquo;adaptation du lexique est \u201cfix\u00e9e\u201d \u00e0 l&rsquo;accessibilit\u00e9 des contenus. Le respect des codes de l&rsquo;\u00e9crit est \u201cfix\u00e9\u201d \u00e0 la concision syntaxique.<\/p>\n\n\n\n<figure class=\"wp-block-image size-large\"><a href=\"http:\/\/graphizm.fr\/greta\/wp-content\/uploads\/2020\/10\/parapente-redaction-web-referencement-naturel-09.jpg\" target=\"_blank\" rel=\"noopener noreferrer\"><img loading=\"lazy\" decoding=\"async\" width=\"1024\" height=\"664\" src=\"http:\/\/graphizm.fr\/greta\/wp-content\/uploads\/2020\/10\/parapente-redaction-web-referencement-naturel-09-1024x664.jpg\" alt=\"\" class=\"wp-image-2903\" srcset=\"https:\/\/graphizm.fr\/greta\/wp-content\/uploads\/2020\/10\/parapente-redaction-web-referencement-naturel-09-1024x664.jpg 1024w, https:\/\/graphizm.fr\/greta\/wp-content\/uploads\/2020\/10\/parapente-redaction-web-referencement-naturel-09-600x389.jpg 600w, https:\/\/graphizm.fr\/greta\/wp-content\/uploads\/2020\/10\/parapente-redaction-web-referencement-naturel-09-768x498.jpg 768w, https:\/\/graphizm.fr\/greta\/wp-content\/uploads\/2020\/10\/parapente-redaction-web-referencement-naturel-09.jpg 1036w\" sizes=\"auto, (max-width: 1024px) 100vw, 1024px\" \/><\/a><\/figure>\n\n\n\n<h4 class=\"wp-block-heading\">L&rsquo;accessibilit\u00e9 des contenus<\/h4>\n\n\n\n<p><strong>Une page Web doit pouvoir s&rsquo;afficher sur tous les \u00e9crans mais surtout pouvoir \u00eatre lues par des robots lecteurs.<\/strong> En effet, les personnes malvoyantes ou non-voyantes utilisent des outils d\u00e9di\u00e9s qui leur lisent les sites consult\u00e9s. Il est donc important de r\u00e9diger des textes qui pr\u00e9sentent aussi des qualit\u00e9s d&rsquo;audition.<\/p>\n\n\n\n<p>Pour rendre un site accessible, il est important de <strong>pr\u00e9voir des textes alternatifs aux images significatives<\/strong> (photos documentaires, sch\u00e9mas descriptifs, graphiques, etc.). L&rsquo;attribut <code>alt=\"\"<\/code>, dans la balise HTML <code>&lt;img&gt;<\/code> est notamment r\u00e9serv\u00e9e \u00e0 cet usage.<\/p>\n\n\n\n<p>Les l\u00e9gendes, sous les images, sont des textes dont le contenu doit \u00eatre diff\u00e9rent de celui du texte alternatif. Les l\u00e9gendes sont lues par les robots lecteurs mais pour les voyants, il est inappropri\u00e9 qu&rsquo;elles mentionnent ce qui se voit parfaitement dans l&rsquo;image.<\/p>\n\n\n\n<h5 class=\"wp-block-heading\">En savoir plus sur l&rsquo;accessibilit\u00e9 des textes et des images&nbsp;:<\/h5>\n\n\n\n<ul class=\"wp-block-list\">\n<li><a href=\"https:\/\/www.ionos.fr\/digitalguide\/sites-internet\/developpement-web\/lecteurs-decran-logiciels-pour-malvoyants-et-non-voyants\/\">https:\/\/www.ionos.fr\/digitalguide\/sites-internet\/developpement-web\/lecteurs-decran-logiciels-pour-malvoyants-et-non-voyants\/<\/a><\/li>\n\n\n\n<li><a href=\"https:\/\/optimiz.me\/attribut-alt-le-alt-image\/\" target=\"_blank\" rel=\"noreferrer noopener\">https:\/\/optimiz.me\/attribut-alt-le-alt-image\/<\/a><\/li>\n<\/ul>\n\n\n\n<h4 class=\"wp-block-heading\">La concision syntaxique<\/h4>\n\n\n\n<p>La concision syntaxique consiste \u00e0 privil\u00e9gier l&rsquo;usage de phrases courtes. En compl\u00e9ment, pour faciliter la lecture du texte, l&rsquo;utilisation de paragraphes courts est recommand\u00e9e. Examinons cette question plus en d\u00e9tails.<\/p>\n\n\n\n<p><strong>Une phrase devrait contenir id\u00e9alement 15 \u00e0 22 mots<\/strong>. \u00c0 partir de 24 mots, il est absolument n\u00e9cessaire de couper la phrase en 2. Par ailleurs, <strong>un paragraphe de 3 ou 4 phrases d&rsquo;une quinzaine de mots<\/strong> constitue une unit\u00e9 r\u00e9dactionnelle id\u00e9ale.<\/p>\n\n\n\n<p>Le moyen le plus simple de v\u00e9rifier si votre syntaxe est satisfaisante est d&rsquo;<strong>utiliser des outils de lecture automatique<\/strong>. Vous discernerez \u00e0 l&rsquo;oreille la qualit\u00e9 de vos texte. Apr\u00e8s avoir optimis\u00e9 la longueur des phrases et des paragraphes, vous obtiendrez des textes faciles \u00e0 lire et agr\u00e9ables \u00e0 \u00e9couter.<\/p>\n\n\n\n<p>Voici un site construit avec des phrases et les paragraphes courts&nbsp;:<\/p>\n\n\n\n<ul id=\"block-7abd7df1-726f-4335-98dd-c306127c5796\" class=\"wp-block-list\">\n<li><a href=\"https:\/\/audreytips.com\/redaction-web-que-vos-lecteurs-aiment-lire\/\" target=\"_blank\" rel=\"noreferrer noopener\">https:\/\/audreytips.com\/redaction-web-que-vos-lecteurs-aiment-lire\/<\/a><\/li>\n<\/ul>\n\n\n\n<h4 class=\"wp-block-heading\">Une structure hi\u00e9rarchis\u00e9e<\/h4>\n\n\n\n<p><strong>La structure d&rsquo;un site Web d\u00e9signe plusieurs r\u00e9alit\u00e9s<\/strong>. Suivant le contexte dans lequel il est question de structure, ce mot d\u00e9signe&nbsp;:<\/p>\n\n\n\n<ol class=\"wp-block-list\">\n<li><strong>la structure HTML <\/strong>du site (l&rsquo;ensemble des parties balis\u00e9es du site, c\u00f4t\u00e9 code source)<\/li>\n\n\n\n<li><strong>le plan r\u00e9dactionnel <\/strong>adopt\u00e9 (l&rsquo;organisation logique des id\u00e9es pr\u00e9sent\u00e9es sur le site)<\/li>\n\n\n\n<li><strong>l&rsquo;arborescence <\/strong>du site (un des aspects de l&rsquo;architecture des l&rsquo;informations du site et de la cat\u00e9gorisation des contenus)<\/li>\n\n\n\n<li><strong>le maillage interne<\/strong> du site (l&rsquo;articulation des pages et des parties du site entre elles)<\/li>\n\n\n\n<li><strong>la structure visuelle<\/strong> des pages suivant la largeur de la fen\u00eatre d&rsquo;affichage (la disposition des \u00e9l\u00e9ments de la page dans l&rsquo;espace disponible)<\/li>\n<\/ol>\n\n\n\n<p>Tous ces aspects sont en effet structur\u00e9s et tous doivent \u00eatre hi\u00e9rarchis\u00e9s avec soin. Je les pr\u00e9sente ici de mani\u00e8re ordonn\u00e9e, simplement pour m&rsquo;y r\u00e9f\u00e9rer plus facilement.<\/p>\n\n\n\n<p class=\"has-subtle-background-background-color has-background\">Dans la figure du parapente qui nous sert de fil conducteur, <strong>les 2 premi\u00e8res acceptions du terme \u201cstructure\u201d (voir plus haut) forment l&rsquo;assise et le dossier de la sellette du parapente<\/strong>. Le message port\u00e9 par le dispositif r\u00e9dactionnel y est install\u00e9 confortablement.<\/p>\n\n\n\n<h5 class=\"wp-block-heading\">La structure HTML<\/h5>\n\n\n\n<p>La structure HTML est souvent nomm\u00e9e <strong>le squelette d&rsquo;un site Web<\/strong>. Cette structure va soutenir les contenus et soutenir le texte en particulier. C&rsquo;est elle qui va vous permettre d&rsquo;informer clairement le navigateur sur vos attentes en mati\u00e8re d&rsquo;affichage.<\/p>\n\n\n\n<p>Il s&rsquo;agit de <strong>coder (en HTML) le d\u00e9coupage, la hi\u00e9rarchisation et l&rsquo;organisation du texte<\/strong> pour qu&rsquo;il s&rsquo;affiche correctement \u00e0 l&rsquo;\u00e9cran. Ce codage s&rsquo;adresse au navigateur d&rsquo;abord puis au lecteur ensuite.<\/p>\n\n\n\n<p>Codage HTML et plan r\u00e9dactionnel sont ins\u00e9parables. Pour faciliter leur mise en \u0153uvre, l&rsquo;utilisation d&rsquo;un \u00e9diteur Markdown est vivement recommand\u00e9e. Je conseille <a href=\"https:\/\/stackedit.io\/\" target=\"_blank\" rel=\"noreferrer noopener\">StackEdit<\/a> en ligne et <a href=\"https:\/\/typora.io\/\" target=\"_blank\" rel=\"noreferrer noopener\">Typora<\/a> hors ligne.<\/p>\n\n\n\n<h5 class=\"wp-block-heading\">Le plan r\u00e9dactionnel<\/h5>\n\n\n\n<p>Concernant le plan r\u00e9dactionnel, vous entendrez beaucoup parler du <strong>plan journalistique en pyramide invers\u00e9e<\/strong>. Isabelle Canivet et jean-Marc Hardy nous en parle dans la vid\u00e9o ci-dessous.<\/p>\n\n\n\n<figure class=\"wp-block-embed is-type-video is-provider-youtube wp-block-embed-youtube wp-embed-aspect-16-9 wp-has-aspect-ratio\"><div class=\"wp-block-embed__wrapper\">\n<iframe loading=\"lazy\" title=\"La pyramide invers\u00e9e&nbsp;: technique de r\u00e9daction web\" width=\"580\" height=\"326\" src=\"https:\/\/www.youtube.com\/embed\/7Z0JKWqCGL0?feature=oembed\" frameborder=\"0\" allow=\"accelerometer; autoplay; clipboard-write; encrypted-media; gyroscope; picture-in-picture; web-share\" referrerpolicy=\"strict-origin-when-cross-origin\" allowfullscreen><\/iframe>\n<\/div><\/figure>\n\n\n\n<p>Ce plan n&rsquo;est pas le seul \u00e0 pouvoir \u00eatre adopt\u00e9 lors de la r\u00e9daction d&rsquo;un article pour le Web. Les plans chronologiques ou \u00e9num\u00e9ratifs sont fr\u00e9quents et il en existent de nombreux autres.<\/p>\n\n\n\n<p>Cependant, tous les plans ne se pr\u00eatent pas facilement au jeu des mots cl\u00e9s dispos\u00e9s en premier. R\u00e9v\u00e9ler d\u00e8s l&rsquo;introduction les principaux \u00e9l\u00e9ments de la conclusion n&rsquo;est pas toujours possible. Ceci explique en partie le succ\u00e8s et les limites du plan en pyramide invers\u00e9e.<\/p>\n\n\n\n<p>J&rsquo;ai recens\u00e9 sur une carte heuristique <strong>14 plans r\u00e9dactionnels diff\u00e9rents<\/strong>. Les uns ont pour vocation de <strong>structurer pour informer<\/strong>, les autres de <strong>structurer pour convaincre<\/strong>. Vous pouvez en prendre connaissance sur <a rel=\"noreferrer noopener\" href=\"https:\/\/mm.tt\/1649253669\" target=\"_blank\">Mind Meister<\/a>.<\/p>\n\n\n\n<p>\u279c <strong>\u00c0 propos de structure(s)&nbsp;:<\/strong><\/p>\n\n\n\n<ul class=\"wp-block-list\">\n<li><a href=\"https:\/\/www.seomix.fr\/structure-site-web\/\" target=\"_blank\" rel=\"noreferrer noopener\">https:\/\/www.seomix.fr\/structure-site-web\/<\/a><\/li>\n<\/ul>\n\n\n\n<figure class=\"wp-block-image size-large\"><a href=\"http:\/\/graphizm.fr\/greta\/wp-content\/uploads\/2020\/10\/parapente-redaction-web-referencement-naturel-07.jpg\" target=\"_blank\" rel=\"noopener noreferrer\"><img loading=\"lazy\" decoding=\"async\" width=\"1024\" height=\"690\" src=\"http:\/\/graphizm.fr\/greta\/wp-content\/uploads\/2020\/10\/parapente-redaction-web-referencement-naturel-07-1024x690.jpg\" alt=\"\" class=\"wp-image-2895\" srcset=\"https:\/\/graphizm.fr\/greta\/wp-content\/uploads\/2020\/10\/parapente-redaction-web-referencement-naturel-07-1024x690.jpg 1024w, https:\/\/graphizm.fr\/greta\/wp-content\/uploads\/2020\/10\/parapente-redaction-web-referencement-naturel-07-600x404.jpg 600w, https:\/\/graphizm.fr\/greta\/wp-content\/uploads\/2020\/10\/parapente-redaction-web-referencement-naturel-07-768x517.jpg 768w, https:\/\/graphizm.fr\/greta\/wp-content\/uploads\/2020\/10\/parapente-redaction-web-referencement-naturel-07.jpg 1044w\" sizes=\"auto, (max-width: 1024px) 100vw, 1024px\" \/><\/a><\/figure>\n\n\n\n<h2 class=\"wp-block-heading\"><span class=\"ez-toc-section\" id=\"En_savoir_plus\"><\/span>En savoir plus<span class=\"ez-toc-section-end\"><\/span><\/h2>\n\n\n\n<p>Voici quelques adresses utiles pour se faire une id\u00e9e encore plus pr\u00e9cise du sujet&nbsp;:<\/p>\n\n\n\n<ul class=\"wp-block-list\">\n<li><a href=\"https:\/\/www.redacteur.com\/blog\/les-10-regles-dor-de-la-redaction-web\/\" target=\"_blank\" rel=\"noreferrer noopener\">https:\/\/www.redacteur.com\/blog\/les-10-regles-dor-de-la-redaction-web\/<\/a><\/li>\n\n\n\n<li><a href=\"https:\/\/www.wearethewords.com\/dossier-ecriture-web-fondamentaux-bonnes-pratiques\/\" target=\"_blank\" rel=\"noreferrer noopener\">https:\/\/www.wearethewords.com\/dossier-ecriture-web-fondamentaux-bonnes-pratiques\/<\/a><\/li>\n\n\n\n<li><a href=\"https:\/\/yellowdolphins.com\/publications\/articles\/methodologie-rediger-pour-le-web\/\" target=\"_blank\" rel=\"noreferrer noopener\">https:\/\/yellowdolphins.com\/publications\/articles\/methodologie-rediger-pour-le-web\/<\/a> (<i>un article de fond <\/i><em style=\"font-style: italic;\">d&rsquo;Isabelle Canivet<\/em> <em>et Jean-Marc Hardy&#8230;<\/em>)<\/li>\n\n\n\n<li><a href=\"https:\/\/www.wearethewords.com\/meilleures-pratiques-redaction-seo\/\" target=\"_blank\" rel=\"noreferrer noopener\">https:\/\/www.wearethewords.com\/meilleures-pratiques-redaction-seo<\/a><\/li>\n\n\n\n<li><a href=\"https:\/\/www.youtube.com\/channel\/UCLpqZb1q09kIWuZvrgY2DGg\">https:\/\/www.youtube.com\/channel\/UCLpqZb1q09kIWuZvrgY2DGg<\/a> (<em>toutes les vid\u00e9os d&rsquo;Abondance, le site cr\u00e9\u00e9 initialement par Olivier Andrieu&#8230;<\/em>)<\/li>\n<\/ul>\n\n\n\n<p>Vous trouverez sur la cha\u00eene YouTube <strong>Abondance<\/strong> (dernier lien ci-dessus) des interviews men\u00e9es r\u00e9cemment (depuis le d\u00e9but de l&rsquo;ann\u00e9e 2025&#8230;) au cours desquels les intervenants font la part du SEO traditionnel (sans IA) et celle du <strong>SEO assist\u00e9 par IA<\/strong> ou du <strong>GEO (Generative Engine Optimisation)<\/strong> \u2014 l&rsquo;optimisation des contenus pour les LLM (IA g\u00e9n\u00e9ratives).<\/p>\n\n\n\n<p class=\"has-secondary-background-color has-background\">Vous trouverez de nombreux liens compl\u00e9mentaires sur<strong> <a href=\"https:\/\/y-goguely.netboard.me\/redactionweb\/\" target=\"_blank\" rel=\"noreferrer noopener\"><span style=\"color: #fefefe;\" class=\"stk-highlight\">netboard.me<\/span><\/a>.<\/strong><\/p>\n\n\n\n<p class=\"has-subtle-background-background-color has-background\">Des outils ont \u00e9t\u00e9 d\u00e9velopp\u00e9s pour <strong>faciliter la r\u00e9daction d&rsquo;articles optimis\u00e9s pour le SEO avec l&rsquo;aide d&rsquo;IA int\u00e9gr\u00e9e<\/strong>s. Ces outils sont g\u00e9n\u00e9ralement payants. L&rsquo;agence <em>Optimiz.me<\/em> propose par exemple un outil nomm\u00e9 <strong><a href=\"https:\/\/optimiz.me\/logiciel\/optimiz-content\/\" target=\"_blank\" rel=\"noreferrer noopener\">Optimiz Content<\/a><\/strong>.<\/p>\n\n\n\n<h2 class=\"wp-block-heading\"><span class=\"ez-toc-section\" id=\"Document_complementaire\"><\/span>Document compl\u00e9mentaire<span class=\"ez-toc-section-end\"><\/span><\/h2>\n\n\n\n<p><a href=\"https:\/\/graphizm.fr\/greta\/wp-content\/uploads\/2024\/09\/cours-redaction-web-Vanina-Noel-v2.pdf\" target=\"_blank\" rel=\"noreferrer noopener\">Cours annexe de r\u00e9daction Web<\/a> : ce cours, r\u00e9dig\u00e9 initialement par <strong>Vanina No\u00ebl<\/strong>, r\u00e9dactrice Web, est publi\u00e9 ici au format pdf. Il pr\u00e9sente tous les aspects les plus importants de la r\u00e9daction Web (hors assistance par IA), list\u00e9s par th\u00e8me.<\/p>","protected":false},"excerpt":{"rendered":"<p>Dans ce cours nous allons aborder les diff\u00e9rents \u00e9l\u00e9ments qu&rsquo;il faut associer pour assurer le r\u00e9f\u00e9rencement naturel d&rsquo;une page Web r\u00e9dig\u00e9e par vos soins. Un message \u00e9crit parvient \u00e0 son destinataire quand il est port\u00e9 par une r\u00e9daction adapt\u00e9e au m\u00e9dia utilis\u00e9. La r\u00e9daction Web est une discipline tr\u00e8s technique. On ne s&rsquo;improvise pas r\u00e9dacteur [&hellip;]<\/p>","protected":false},"author":1,"featured_media":0,"comment_status":"closed","ping_status":"open","sticky":false,"template":"","format":"standard","meta":{"footnotes":""},"categories":[17,11],"tags":[],"class_list":["post-2723","post","type-post","status-publish","format-standard","hentry","category-rwrn","category-rwrn-cours"],"featured_image_urls_v2":{"full":"","thumbnail":"","medium":"","medium_large":"","large":"","1536x1536":"","2048x2048":"","post-thumbnail":"","twentytwenty-fullscreen":""},"post_excerpt_stackable_v2":"<p>Dans ce cours nous allons aborder les diff\u00e9rents \u00e9l\u00e9ments qu&rsquo;il faut associer pour assurer le r\u00e9f\u00e9rencement naturel d&rsquo;une page Web r\u00e9dig\u00e9e par vos soins. Un message \u00e9crit parvient \u00e0 son destinataire quand il est port\u00e9 par une r\u00e9daction adapt\u00e9e au m\u00e9dia utilis\u00e9. La r\u00e9daction Web est une discipline tr\u00e8s technique. On ne s&rsquo;improvise pas r\u00e9dacteur Web. On n&rsquo;assemble pas un parapente sans mode d&#8217;emploi ni exp\u00e9rience pr\u00e9alable&nbsp;! Vous n&rsquo;\u00eates pas le pilote du parapente, vous \u00eates le fabriquant du parapente. Quand vous r\u00e9digez pour le Web vous construisez un dispositif (le parapente) pour porter un message (le parapentiste). Le dispositif\u2026<\/p>","category_list_v2":"<a href=\"https:\/\/graphizm.fr\/greta\/category\/rwrn\/\" rel=\"category tag\">RWRN<\/a>, <a href=\"https:\/\/graphizm.fr\/greta\/category\/rwrn\/rwrn-cours\/\" rel=\"category tag\">RWRN-cours<\/a>","author_info_v2":{"name":"Yves Goguely","url":"https:\/\/graphizm.fr\/greta\/author\/formationsgreta\/"},"comments_num_v2":"0 commentaire","_links":{"self":[{"href":"https:\/\/graphizm.fr\/greta\/wp-json\/wp\/v2\/posts\/2723","targetHints":{"allow":["GET"]}}],"collection":[{"href":"https:\/\/graphizm.fr\/greta\/wp-json\/wp\/v2\/posts"}],"about":[{"href":"https:\/\/graphizm.fr\/greta\/wp-json\/wp\/v2\/types\/post"}],"author":[{"embeddable":true,"href":"https:\/\/graphizm.fr\/greta\/wp-json\/wp\/v2\/users\/1"}],"replies":[{"embeddable":true,"href":"https:\/\/graphizm.fr\/greta\/wp-json\/wp\/v2\/comments?post=2723"}],"version-history":[{"count":154,"href":"https:\/\/graphizm.fr\/greta\/wp-json\/wp\/v2\/posts\/2723\/revisions"}],"predecessor-version":[{"id":7358,"href":"https:\/\/graphizm.fr\/greta\/wp-json\/wp\/v2\/posts\/2723\/revisions\/7358"}],"wp:attachment":[{"href":"https:\/\/graphizm.fr\/greta\/wp-json\/wp\/v2\/media?parent=2723"}],"wp:term":[{"taxonomy":"category","embeddable":true,"href":"https:\/\/graphizm.fr\/greta\/wp-json\/wp\/v2\/categories?post=2723"},{"taxonomy":"post_tag","embeddable":true,"href":"https:\/\/graphizm.fr\/greta\/wp-json\/wp\/v2\/tags?post=2723"}],"curies":[{"name":"wp","href":"https:\/\/api.w.org\/{rel}","templated":true}]}}