{"id":2773,"date":"2020-10-18T15:11:48","date_gmt":"2020-10-18T13:11:48","guid":{"rendered":"http:\/\/graphizm.fr\/greta\/?p=2773"},"modified":"2025-11-18T17:09:46","modified_gmt":"2025-11-18T16:09:46","slug":"realiser-affiche-style-international","status":"publish","type":"post","link":"https:\/\/graphizm.fr\/greta\/com-crea\/realiser-affiche-style-international\/","title":{"rendered":"R\u00e9aliser une affiche inspir\u00e9e du style international"},"content":{"rendered":"\n<p class=\"has-subtle-background-background-color has-background\">Au cours de ce TD, vous allez <strong>r\u00e9aliser la mise en page d&rsquo;une affiche inspir\u00e9e du modernisme suisse<\/strong> <strong>international, en utilisant un nuancier de 3 ou 4 couleurs<\/strong>.<\/p>\n\n\n\n<div id=\"ez-toc-container\" class=\"ez-toc-v2_0_82_2 counter-hierarchy ez-toc-counter ez-toc-custom ez-toc-container-direction\">\n<div class=\"ez-toc-title-container\">\n<p class=\"ez-toc-title\" style=\"cursor:inherit\">Sommaire<\/p>\n<span class=\"ez-toc-title-toggle\"><a href=\"#\" class=\"ez-toc-pull-right ez-toc-btn ez-toc-btn-xs ez-toc-btn-default ez-toc-toggle\" aria-label=\"Toggle Table of Content\"><span class=\"ez-toc-js-icon-con\"><span class=\"\"><span class=\"eztoc-hide\" style=\"display:none;\">Toggle<\/span><span class=\"ez-toc-icon-toggle-span\"><svg style=\"fill: #6b6b6b;color:#6b6b6b\" xmlns=\"http:\/\/www.w3.org\/2000\/svg\" class=\"list-377408\" width=\"20px\" height=\"20px\" viewBox=\"0 0 24 24\" fill=\"none\"><path d=\"M6 6H4v2h2V6zm14 0H8v2h12V6zM4 11h2v2H4v-2zm16 0H8v2h12v-2zM4 16h2v2H4v-2zm16 0H8v2h12v-2z\" fill=\"currentColor\"><\/path><\/svg><svg style=\"fill: #6b6b6b;color:#6b6b6b\" class=\"arrow-unsorted-368013\" xmlns=\"http:\/\/www.w3.org\/2000\/svg\" width=\"10px\" height=\"10px\" viewBox=\"0 0 24 24\" version=\"1.2\" baseProfile=\"tiny\"><path d=\"M18.2 9.3l-6.2-6.3-6.2 6.3c-.2.2-.3.4-.3.7s.1.5.3.7c.2.2.4.3.7.3h11c.3 0 .5-.1.7-.3.2-.2.3-.5.3-.7s-.1-.5-.3-.7zM5.8 14.7l6.2 6.3 6.2-6.3c.2-.2.3-.5.3-.7s-.1-.5-.3-.7c-.2-.2-.4-.3-.7-.3h-11c-.3 0-.5.1-.7.3-.2.2-.3.5-.3.7s.1.5.3.7z\"\/><\/svg><\/span><\/span><\/span><\/a><\/span><\/div>\n<nav><ul class='ez-toc-list ez-toc-list-level-1 eztoc-toggle-hide-by-default' ><li class='ez-toc-page-1 ez-toc-heading-level-2'><a class=\"ez-toc-link ez-toc-heading-1\" href=\"https:\/\/graphizm.fr\/greta\/com-crea\/realiser-affiche-style-international\/#Etapes_du_TD\" >\u00c9tapes du TD<\/a><\/li><li class='ez-toc-page-1 ez-toc-heading-level-2'><a class=\"ez-toc-link ez-toc-heading-2\" href=\"https:\/\/graphizm.fr\/greta\/com-crea\/realiser-affiche-style-international\/#Etape_1_effectuer_des_recherches_sur_Pinterest\" >\u00c9tape 1&nbsp;: effectuer des recherches sur Pinterest<\/a><ul class='ez-toc-list-level-3' ><li class='ez-toc-heading-level-3'><a class=\"ez-toc-link ez-toc-heading-3\" href=\"https:\/\/graphizm.fr\/greta\/com-crea\/realiser-affiche-style-international\/#Rechercher_par_les_noms_du_style\" >Rechercher par les noms du style<\/a><\/li><li class='ez-toc-page-1 ez-toc-heading-level-3'><a class=\"ez-toc-link ez-toc-heading-4\" href=\"https:\/\/graphizm.fr\/greta\/com-crea\/realiser-affiche-style-international\/#Rechercher_par_le_nom_des_designers\" >Rechercher par le nom des designers<\/a><\/li><\/ul><\/li><li class='ez-toc-page-1 ez-toc-heading-level-2'><a class=\"ez-toc-link ez-toc-heading-5\" href=\"https:\/\/graphizm.fr\/greta\/com-crea\/realiser-affiche-style-international\/#Etape_2_caracteriser_le_style_moderniste_suisse_et_international\" >\u00c9tape 2&nbsp;: caract\u00e9riser le style moderniste suisse et international<\/a><ul class='ez-toc-list-level-3' ><li class='ez-toc-heading-level-3'><a class=\"ez-toc-link ez-toc-heading-6\" href=\"https:\/\/graphizm.fr\/greta\/com-crea\/realiser-affiche-style-international\/#Approfondir_ses_connaissances\" >Approfondir ses connaissances<\/a><\/li><li class='ez-toc-page-1 ez-toc-heading-level-3'><a class=\"ez-toc-link ez-toc-heading-7\" href=\"https:\/\/graphizm.fr\/greta\/com-crea\/realiser-affiche-style-international\/#Utiliser_Google_Images_en_complement\" >Utiliser Google Images en compl\u00e9ment<\/a><\/li><\/ul><\/li><li class='ez-toc-page-1 ez-toc-heading-level-2'><a class=\"ez-toc-link ez-toc-heading-8\" href=\"https:\/\/graphizm.fr\/greta\/com-crea\/realiser-affiche-style-international\/#Etape_3_creer_un_tableau_Pinterest_sur_le_modernisme_suisse_international\" >\u00c9tape 3&nbsp;: cr\u00e9er un tableau Pinterest sur le modernisme suisse international<\/a><\/li><li class='ez-toc-page-1 ez-toc-heading-level-2'><a class=\"ez-toc-link ez-toc-heading-9\" href=\"https:\/\/graphizm.fr\/greta\/com-crea\/realiser-affiche-style-international\/#Etape_4_preparer_les_contenus_a_integrer_dans_la_page\" >\u00c9tape 4&nbsp;: pr\u00e9parer les contenus \u00e0 int\u00e9grer dans la page<\/a><ul class='ez-toc-list-level-3' ><li class='ez-toc-heading-level-3'><a class=\"ez-toc-link ez-toc-heading-10\" href=\"https:\/\/graphizm.fr\/greta\/com-crea\/realiser-affiche-style-international\/#Collecter_les_logos\" >Collecter les logos<\/a><\/li><li class='ez-toc-page-1 ez-toc-heading-level-3'><a class=\"ez-toc-link ez-toc-heading-11\" href=\"https:\/\/graphizm.fr\/greta\/com-crea\/realiser-affiche-style-international\/#Choisir_le_modele_a_suivre\" >Choisir le mod\u00e8le \u00e0 suivre<\/a><\/li><li class='ez-toc-page-1 ez-toc-heading-level-3'><a class=\"ez-toc-link ez-toc-heading-12\" href=\"https:\/\/graphizm.fr\/greta\/com-crea\/realiser-affiche-style-international\/#Structurer_le_texte_de_laffiche\" >Structurer le texte de l&rsquo;affiche<\/a><\/li><li class='ez-toc-page-1 ez-toc-heading-level-3'><a class=\"ez-toc-link ez-toc-heading-13\" href=\"https:\/\/graphizm.fr\/greta\/com-crea\/realiser-affiche-style-international\/#Collecter_les_polices_de_caracteres\" >Collecter les polices de caract\u00e8res<\/a><\/li><li class='ez-toc-page-1 ez-toc-heading-level-3'><a class=\"ez-toc-link ez-toc-heading-14\" href=\"https:\/\/graphizm.fr\/greta\/com-crea\/realiser-affiche-style-international\/#Collecter_ou_produire_le_visuel\" >Collecter ou produire le visuel<\/a><\/li><\/ul><\/li><li class='ez-toc-page-1 ez-toc-heading-level-2'><a class=\"ez-toc-link ez-toc-heading-15\" href=\"https:\/\/graphizm.fr\/greta\/com-crea\/realiser-affiche-style-international\/#Etape_5_construire_un_nuancier_fonctionnel\" >\u00c9tape 5&nbsp;: construire un nuancier fonctionnel<\/a><\/li><li class='ez-toc-page-1 ez-toc-heading-level-2'><a class=\"ez-toc-link ez-toc-heading-16\" href=\"https:\/\/graphizm.fr\/greta\/com-crea\/realiser-affiche-style-international\/#Etape_6_composer_la_maquette_de_laffiche_en_suivant_le_modele_choisi\" >\u00c9tape 6&nbsp;: composer la maquette de l&rsquo;affiche en suivant le mod\u00e8le choisi<\/a><ul class='ez-toc-list-level-3' ><li class='ez-toc-heading-level-3'><a class=\"ez-toc-link ez-toc-heading-17\" href=\"https:\/\/graphizm.fr\/greta\/com-crea\/realiser-affiche-style-international\/#Les_grilles_de_composition\" >Les grilles de composition<\/a><\/li><li class='ez-toc-page-1 ez-toc-heading-level-3'><a class=\"ez-toc-link ez-toc-heading-18\" href=\"https:\/\/graphizm.fr\/greta\/com-crea\/realiser-affiche-style-international\/#Les_echelles_typographiques\" >Les \u00e9chelles typographiques<\/a><\/li><\/ul><\/li><li class='ez-toc-page-1 ez-toc-heading-level-2'><a class=\"ez-toc-link ez-toc-heading-19\" href=\"https:\/\/graphizm.fr\/greta\/com-crea\/realiser-affiche-style-international\/#Etape_7_proposer_des_variantes_de_laffiche\" >\u00c9tape 7&nbsp;: proposer des variantes de l&rsquo;affiche<\/a><\/li><\/ul><\/nav><\/div>\n<h2 class=\"wp-block-heading\"><span class=\"ez-toc-section\" id=\"Etapes_du_TD\"><\/span>\u00c9tapes du TD<span class=\"ez-toc-section-end\"><\/span><\/h2>\n\n\n\n<p>\u279c Ce TD se d\u00e9roule en <strong>7 \u00e9tapes<\/strong> et chacun est invit\u00e9 \u00e0 suivre scrupuleusement ce d\u00e9roul\u00e9.<\/p>\n\n\n\n<ul class=\"wp-block-list\">\n<li><strong>\u00c9tape 1&nbsp;:<\/strong> <strong>effectuer des recherches sur Pinterest<\/strong> pour rep\u00e9rer des affiches compos\u00e9es dans le style du modernisme international.<\/li>\n\n\n\n<li><strong>\u00c9tape 2&nbsp;:<\/strong> <strong>caract\u00e9riser le style moderniste suisse international<\/strong> en utilisant une grille de d\u00e9termination.<\/li>\n\n\n\n<li><strong>\u00c9tape 3&nbsp;:<\/strong> <strong>cr\u00e9er un tableau Pinterest sur le modernisme suisse international<\/strong> en collectant des affiches r\u00e9alis\u00e9s dans ce style.<\/li>\n\n\n\n<li><strong>\u00c9tape 4&nbsp;:<\/strong> <strong>pr\u00e9parer les contenus \u00e0 int\u00e9grer dans la page<\/strong> pour composer l&rsquo;affiche<\/li>\n\n\n\n<li><strong>\u00c9tape 5&nbsp;:<\/strong> <strong>construire un nuancier fonctionnel<\/strong> <strong>de 3 ou 4 couleurs<\/strong> en utilisant l&rsquo;application en ligne Coolors.<\/li>\n\n\n\n<li><strong>\u00c9tape 6&nbsp;:<\/strong> <strong>composer l&rsquo;affiche<\/strong> en y int\u00e9grant \u00e9ventuellement une image en accord avec le th\u00e8me et le style impos\u00e9s.<\/li>\n\n\n\n<li><strong>\u00c9tape 7&nbsp;:<\/strong> <strong>proposer des variantes de l&rsquo;affiche<\/strong> en changeant la couleur dominante (2 variantes pour un nuancier de 3 couleurs et 3 variantes pour un nuancier de 4 couleurs).<\/li>\n<\/ul>\n\n\n<div class=\"wp-block-image\">\n<figure class=\"aligncenter size-full\"><img loading=\"lazy\" decoding=\"async\" width=\"564\" height=\"796\" src=\"https:\/\/graphizm.fr\/greta\/wp-content\/uploads\/2023\/10\/joy-division.jpg\" alt=\"\" class=\"wp-image-6802\" srcset=\"https:\/\/graphizm.fr\/greta\/wp-content\/uploads\/2023\/10\/joy-division.jpg 564w, https:\/\/graphizm.fr\/greta\/wp-content\/uploads\/2023\/10\/joy-division-425x600.jpg 425w\" sizes=\"auto, (max-width: 564px) 100vw, 564px\" \/><figcaption class=\"wp-element-caption\">Affiche 4 couleurs collect\u00e9e sur <a rel=\"noreferrer noopener\" href=\"https:\/\/www.pinterest.fr\/pin\/390546598951379770\/\" data-type=\"link\" data-id=\"https:\/\/www.pinterest.fr\/pin\/390546598951379770\/\" target=\"_blank\">Pinterest<\/a><\/figcaption><\/figure>\n<\/div>\n\n\n<h2 class=\"wp-block-heading\"><span class=\"ez-toc-section\" id=\"Etape_1_effectuer_des_recherches_sur_Pinterest\"><\/span>\u00c9tape 1&nbsp;: effectuer des recherches sur Pinterest<span class=\"ez-toc-section-end\"><\/span><\/h2>\n\n\n\n<p>Pinterest est une source d&rsquo;inspiration particuli\u00e8rement riche en mati\u00e8re de design graphique. Pour le travail \u00e0 r\u00e9aliser, vous disposer d&rsquo;une direction artistique pr\u00e9cise&nbsp;: <strong>le style de l&rsquo;affiche doit se rapporter clairement au courant graphique nomm\u00e9 modernisme suisse international<\/strong>. Ce style est aussi appel\u00e9 \u201cstyle graphique international\u201d ou \u201cstyle suisse\u201d ou encore \u201cmodernisme suisse\u201d.<\/p>\n\n\n\n<p class=\"has-subtle-background-background-color has-background\">\u279c Il s&rsquo;agit de \u201cconvertir\u201d cette directive en collecte d&rsquo;\u00e9l\u00e9ments visuels susceptibles de constituer ult\u00e9rieurement une planche de tendances (moodboard). <\/p>\n\n\n\n<h3 class=\"wp-block-heading\"><span class=\"ez-toc-section\" id=\"Rechercher_par_les_noms_du_style\"><\/span>Rechercher par les noms du style<span class=\"ez-toc-section-end\"><\/span><\/h3>\n\n\n\n<p class=\"has-secondary-background-color has-background\"><strong>Vous devez \u00eatre inscrits sur Pinterest<\/strong> et disposer d&rsquo;un compte pour pouvoir effectuer les recherches propos\u00e9es.<\/p>\n\n\n\n<p>Voici des intitul\u00e9s de recherche \u00e0 utiliser&nbsp;:<\/p>\n\n\n\n<ul class=\"wp-block-list\">\n<li>modernism graphic poster<\/li>\n\n\n\n<li>modernism graphic design<\/li>\n\n\n\n<li>modernism graphic design poster<\/li>\n\n\n\n<li>swiss modernist graphic design<\/li>\n\n\n\n<li>international style graphic design<\/li>\n<\/ul>\n\n\n\n<p>Des recherches sur le modernisme am\u00e9ricain ne vous \u00e9loigneront pas trop du sujet. Il convient cependant de bien pr\u00e9ciser \u201cgraphic design\u201d !<\/p>\n\n\n\n<ul class=\"wp-block-list\">\n<li>american modernism graphic design<\/li>\n<\/ul>\n\n\n\n<p class=\"has-subtle-background-background-color has-background\"><em>Sans les pr\u00e9cisions sur le caract\u00e8re suisse ou international du style recherch\u00e9, vous pouvez acc\u00e9der dans un premier temps \u00e0 des images d&rsquo;un autre style, ant\u00e9rieur \u00e0 celui qui nous int\u00e9resse dans ce TD. Nomm\u00e9 aussi \u201cmodernisme\u201d en fran\u00e7ais, ce style concerne les ann\u00e9es charni\u00e8res entre XIXe et XXe si\u00e8cle, en Europe et particuli\u00e8rement en Catalogne (voir le site <a rel=\"noreferrer noopener\" href=\"https:\/\/www.dosde.com\/discover\/fr\/modernisme\/\" target=\"_blank\">dosde.com<\/a> concernant le modernisme catalan).<\/em><\/p>\n\n\n\n<h3 class=\"wp-block-heading\"><span class=\"ez-toc-section\" id=\"Rechercher_par_le_nom_des_designers\"><\/span>Rechercher par le nom des designers<span class=\"ez-toc-section-end\"><\/span><\/h3>\n\n\n\n<p>Certains designers graphiques sont devenus des figures embl\u00e9matiques du modernisme suisse ou am\u00e9ricain. Voici quelques noms de designers dont le travail est repr\u00e9sentatif du style moderniste international&nbsp;:<\/p>\n\n\n\n<ul class=\"wp-block-list\">\n<li>Jan Tschichold<\/li>\n\n\n\n<li><a href=\"https:\/\/www.nundesign.fr\/maitres\/josef-muller-brockmann\" target=\"_blank\" rel=\"noreferrer noopener\">Josef M\u00fcller-Brockmann<\/a><\/li>\n\n\n\n<li>Herbert Matter<\/li>\n\n\n\n<li>Emil Ruder<\/li>\n\n\n\n<li>Armin Hoffman<\/li>\n\n\n\n<li>Max Bill<\/li>\n\n\n\n<li>Lester Beall<\/li>\n\n\n\n<li><a rel=\"noreferrer noopener\" href=\"https:\/\/www.nundesign.fr\/maitres\/paul-rand\" target=\"_blank\">Paul Rand<\/a><\/li>\n\n\n\n<li>Reid Miles<\/li>\n\n\n\n<li><a rel=\"noreferrer noopener\" href=\"https:\/\/www.pixartprinting.fr\/blog\/massimo-vignelli\/\" target=\"_blank\">Massimo Vignelli<\/a><\/li>\n\n\n\n<li>Philippe Apeloig<\/li>\n<\/ul>\n\n\n\n<p class=\"has-subtle-background-background-color has-background\"><em>Sur Pinterest, rajoutez \u201cdesign\u201d apr\u00e8s le nom des designers, pour mieux cibler les productions de ces grands noms du design graphique moderniste.<\/em><\/p>\n\n\n\n<h2 class=\"wp-block-heading\"><span class=\"ez-toc-section\" id=\"Etape_2_caracteriser_le_style_moderniste_suisse_et_international\"><\/span>\u00c9tape 2&nbsp;: caract\u00e9riser le style moderniste suisse et international<span class=\"ez-toc-section-end\"><\/span><\/h2>\n\n\n\n<p>\u279c Vous commencez \u00e0 voir de quoi il s&rsquo;agit et je vous invite \u00e0<strong> formuler les grandes caract\u00e9ristiques du modernisme suisse et international<\/strong>. Les sites mentionn\u00e9s un peu plus bas vous apporteront des \u00e9l\u00e9ments de r\u00e9ponse.<\/p>\n\n\n\n<p>Pour vous aider, je vous propose d&rsquo;utiliser cette <strong>grille de d\u00e9termination<\/strong>. T\u00e9l\u00e9chargez et imprimez le pdf mis en ligne (&#8230; ou imprimez l&rsquo;image ci-dessus).<\/p>\n\n\n<div class=\"wp-block-image\">\n<figure class=\"aligncenter size-large\"><a href=\"https:\/\/graphizm.fr\/greta\/wp-content\/uploads\/2023\/10\/grille-determination-style.jpg\" target=\"_blank\" rel=\"noopener noreferrer\"><img loading=\"lazy\" decoding=\"async\" width=\"1024\" height=\"734\" src=\"https:\/\/graphizm.fr\/greta\/wp-content\/uploads\/2023\/10\/grille-determination-style-1024x734.jpg\" alt=\"\" class=\"wp-image-6692\" srcset=\"https:\/\/graphizm.fr\/greta\/wp-content\/uploads\/2023\/10\/grille-determination-style-1024x734.jpg 1024w, https:\/\/graphizm.fr\/greta\/wp-content\/uploads\/2023\/10\/grille-determination-style-600x430.jpg 600w, https:\/\/graphizm.fr\/greta\/wp-content\/uploads\/2023\/10\/grille-determination-style-768x550.jpg 768w, https:\/\/graphizm.fr\/greta\/wp-content\/uploads\/2023\/10\/grille-determination-style-1536x1101.jpg 1536w, https:\/\/graphizm.fr\/greta\/wp-content\/uploads\/2023\/10\/grille-determination-style-2048x1468.jpg 2048w, https:\/\/graphizm.fr\/greta\/wp-content\/uploads\/2023\/10\/grille-determination-style-1200x860.jpg 1200w, https:\/\/graphizm.fr\/greta\/wp-content\/uploads\/2023\/10\/grille-determination-style-1980x1419.jpg 1980w\" sizes=\"auto, (max-width: 1024px) 100vw, 1024px\" \/><\/a><\/figure>\n<\/div>\n\n\n<div class=\"wp-block-buttons is-content-justification-center is-layout-flex wp-container-core-buttons-is-layout-16018d1d wp-block-buttons-is-layout-flex\">\n<div class=\"wp-block-button is-style-outline is-style-outline--1\"><a class=\"wp-block-button__link wp-element-button\" href=\"https:\/\/graphizm.fr\/greta\/wp-content\/uploads\/2023\/10\/grille-determination-style.pdf\" target=\"_blank\" rel=\"noreferrer noopener\">T\u00e9l\u00e9charger la grille de d\u00e9termination (PDF)<\/a><\/div>\n<\/div>\n\n\n\n<p>Vous devez identifier, \u00e0 l&rsquo;aide de cette grille, <strong>quatre aspects fondamentaux<\/strong> du style \u00e9tudi\u00e9&nbsp;:<\/p>\n\n\n\n<ul class=\"wp-block-list\">\n<li>la palette des <strong>polices<\/strong> de caract\u00e8res utilis\u00e9es<\/li>\n\n\n\n<li>la palette des <strong>couleurs<\/strong> utilis\u00e9es<\/li>\n\n\n\n<li>les caract\u00e9ristiques des <strong>cadres<\/strong> utilis\u00e9s (formes structurantes, encadr\u00e9s, bulles ou tout contenant d&rsquo;informations)<\/li>\n\n\n\n<li>les caract\u00e9ristiques de <strong>visuels<\/strong> int\u00e9gr\u00e9s<\/li>\n<\/ul>\n\n\n\n<p class=\"has-accent-background-color has-background\"><em>Les zones intitul\u00e9es \u201cinutilisables\u201d vous permettent de caract\u00e9riser le style par ce qu&rsquo;il n&rsquo;est pas. Ces caract\u00e9ristiques n\u00e9gatives vont vous servir de repoussoir dans la suite de votre travail.<\/em><\/p>\n\n\n\n<h3 class=\"wp-block-heading\"><span class=\"ez-toc-section\" id=\"Approfondir_ses_connaissances\"><\/span>Approfondir ses connaissances<span class=\"ez-toc-section-end\"><\/span><\/h3>\n\n\n\n<p>Pinterest n&rsquo;est pas la seule source documentaire sur les styles graphiques. Si vous souhaitez <strong>en savoir davantage sur le modernisme<\/strong>, voici une liste de \u201cbonnes adresses\u201d :<\/p>\n\n\n\n<ul class=\"wp-block-list\">\n<li><a rel=\"noreferrer noopener\" href=\"http:\/\/www.designishistory.com\/home\/swiss\/\" target=\"_blank\">http:\/\/www.designishistory.com\/home\/swiss\/<\/a> (<em>au passage; placez le site designhistory.com dans vos favoris&#8230; vous aurez l&rsquo;occasion d&rsquo;y revenir pour vous documenter<\/em> !)<\/li>\n\n\n\n<li><a rel=\"noreferrer noopener\" href=\"https:\/\/www.nundesign.fr\/mouvements\/style-typographique-international\" target=\"_blank\">https:\/\/www.nundesign.fr\/mouvements\/style-typographique-international<\/a> (<em>l\u00e0 aussi il y a plein de ressources \u00e0 d\u00e9couvrir&#8230; pour une prochaine fois<\/em> !)<\/li>\n\n\n\n<li><a rel=\"noreferrer noopener\" href=\"https:\/\/www.grapheine.com\/divers\/graphic-designer-muller-brockmann\" target=\"_blank\">https:\/\/www.grapheine.com\/divers\/graphic-designer-muller-brockmann<\/a> (<em>incontournable site pour d\u00e9couvrir les grands noms du design graphique et un travail d&rsquo;agence d&rsquo;une qualit\u00e9 remarquable&nbsp;!<\/em>)<\/li>\n\n\n\n<li><a rel=\"noreferrer noopener\" href=\"https:\/\/www.swissted.com\/pages\/about-us\" target=\"_blank\">https:\/\/www.swissted.com\/pages\/about-us<\/a> (<em>traduisez la page en fran\u00e7ais, lisez&#8230; puis allez sur la page d&rsquo;accueil<\/em> !)<\/li>\n<\/ul>\n\n\n\n<h3 class=\"wp-block-heading\"><span class=\"ez-toc-section\" id=\"Utiliser_Google_Images_en_complement\"><\/span>Utiliser Google Images en compl\u00e9ment<span class=\"ez-toc-section-end\"><\/span><\/h3>\n\n\n\n<p>Google images est une excellente source de documentation graphique. En utilisant des <a rel=\"noreferrer noopener\" href=\"https:\/\/mysocialselling.com\/22-operateurs-booleens-google-pour-affiner-vos-recherches\/\" target=\"_blank\">op\u00e9rateurs bool\u00e9ens<\/a> dans la requ\u00eate effectu\u00e9e vous pouvez pr\u00e9ciser les r\u00e9sultats de votre recherche. Essayer la requ\u00eate suivante&nbsp;: <strong><em>modernism AND graphism<\/em><\/strong> (avec ou sans \u201c<strong><em>e<\/em><\/strong>\u201d \u00e0 la fin de \u201cmodernisme\u201d et \u201cgraphisme\u201d).<\/p>\n\n\n<div class=\"wp-block-image\">\n<figure class=\"aligncenter size-large\"><a href=\"http:\/\/graphizm.fr\/com-crea\/affiche-style-suisse\/modernisme-AND-graphisme.jpg\" target=\"_blank\" rel=\"noopener noreferrer\"><img loading=\"lazy\" decoding=\"async\" width=\"1024\" height=\"612\" src=\"http:\/\/graphizm.fr\/greta\/wp-content\/uploads\/2020\/10\/modernisme-AND-graphisme-extrait-1024x612.jpg\" alt=\"\" class=\"wp-image-2808\" srcset=\"https:\/\/graphizm.fr\/greta\/wp-content\/uploads\/2020\/10\/modernisme-AND-graphisme-extrait-1024x612.jpg 1024w, https:\/\/graphizm.fr\/greta\/wp-content\/uploads\/2020\/10\/modernisme-AND-graphisme-extrait-600x359.jpg 600w, https:\/\/graphizm.fr\/greta\/wp-content\/uploads\/2020\/10\/modernisme-AND-graphisme-extrait-768x459.jpg 768w, https:\/\/graphizm.fr\/greta\/wp-content\/uploads\/2020\/10\/modernisme-AND-graphisme-extrait-1200x718.jpg 1200w, https:\/\/graphizm.fr\/greta\/wp-content\/uploads\/2020\/10\/modernisme-AND-graphisme-extrait.jpg 1413w\" sizes=\"auto, (max-width: 1024px) 100vw, 1024px\" \/><\/a><\/figure>\n<\/div>\n\n\n<p class=\"has-subtle-background-background-color has-background\">\u279c Les r\u00e9sultats de recherche sur Google Images peuvent \u00eatre archiv\u00e9es sous forme de capture d&rsquo;\u00e9crans globales, en utilisant l&rsquo;extension <a rel=\"noreferrer noopener\" href=\"https:\/\/chrome.google.com\/webstore\/detail\/gofullpage-full-page-scre\/fdpohaocaechififmbbbbbknoalclacl\" target=\"_blank\">GoFullPage<\/a>.<\/p>\n\n\n\n<h2 class=\"wp-block-heading\"><span class=\"ez-toc-section\" id=\"Etape_3_creer_un_tableau_Pinterest_sur_le_modernisme_suisse_international\"><\/span>\u00c9tape 3&nbsp;: cr\u00e9er un tableau Pinterest sur le modernisme suisse international<span class=\"ez-toc-section-end\"><\/span><\/h2>\n\n\n\n<p>Un tableau Pinterest consacr\u00e9 \u00e0 un style graphique clairement identifi\u00e9 est une v\u00e9ritable <strong>planche de tendances<\/strong>. Cette planche (en l&rsquo;occurence ce tableau&#8230;) est disponible en ligne pour cadrer votre travail sur tous les projets s&rsquo;appuyant sur le style choisi.<\/p>\n\n\n\n<p class=\"has-subtle-background-background-color has-background\">\u279c Pour ce TD, 2 directives suppl\u00e9mentaires vous ont \u00e9t\u00e9 communiqu\u00e9es&nbsp;: <strong>l&rsquo;affiche doit se limiter \u00e0 4 couleurs<\/strong> <strong>et le nuancier doit n\u00e9cessairement \u00eatre fonctionnel<\/strong> (c&rsquo;est \u00e0 dire \u00e9tag\u00e9 de mani\u00e8re \u00e0 privil\u00e9gier un contraste maximum entre les couleurs utilis\u00e9es).<\/p>\n\n\n\n<p>\u279c Comme les affiches cr\u00e9\u00e9es dans cette mouvance utilisent rarement plus de 4 couleurs, vous disposez d&rsquo;un tr\u00e8s large choix&nbsp;!<\/p>\n\n\n\n<p>Je vous demande d&rsquo;utiliser Pinterest pour plusieurs raisons&nbsp;:<\/p>\n\n\n\n<ul class=\"wp-block-list\">\n<li>Pinterest est d&rsquo;abord un moteur de recherche et non un r\u00e9seau social<\/li>\n\n\n\n<li>Pinterest contient des tableaux tr\u00e8s pertinents<\/li>\n\n\n\n<li>Pinterest est un excellent outil de curation de contenu (et cette discipline est au programme du titre professionnel que vous envisagez de valider&#8230;)<\/li>\n\n\n\n<li>Vous aurez besoin de Pinterest dans la suite de la formation Com-Cr\u00e9a<\/li>\n<\/ul>\n\n\n\n<p>\u279c Des pr\u00e9cisions sur l&rsquo;usage de Pinterest pour \u00e9largir vos recherches vous sont donn\u00e9es sur <a rel=\"noreferrer noopener\" href=\"https:\/\/studiobenziv.wordpress.com\/2016\/04\/28\/pinterest-source-dinspiration\/\" target=\"_blank\">studiobenziv.wordpress.com<\/a>.<\/p>\n\n\n\n<p class=\"has-subtle-background-background-color has-background\">Remarque&nbsp;: il est possible de d\u00e9sactiver toutes les notifications envoy\u00e9es par d\u00e9faut aux utilisateurs de Pinterest. Allez dans les param\u00e8tres de votre compte et faites les r\u00e9glages souhait\u00e9s&nbsp;!<\/p>\n\n\n\n<p>Sur Pinterest, \u00e9pingler sur son propre tableau des images \u00e9pingl\u00e9es sur les tableaux des autres est une pratique vivement encourag\u00e9e&nbsp;!<\/p>\n\n\n\n<p class=\"has-accent-background-color has-background\">\u279c <em>Je vous invite \u00e0 explorer les tableaux de <a rel=\"noreferrer noopener\" href=\"https:\/\/www.pinterest.fr\/emiliofr\/_saved\/\" target=\"_blank\">emiliofr<\/a> (pinterest.fr\/emiliofr\/<\/em>).<em> pour y trouver un tableau intitul\u00e9 \u201cGr\u00e1fica Suiza. Estilo Tipogr\u00e1fico Internacional\u201d (\u00e0 c\u00f4t\u00e9 du tableau consacr\u00e9 \u00e0 Matisse)&#8230; c&rsquo;est en espagnol, mais il s&rsquo;agit bien du style suisse international (avec quelques affiches moins neutres et plus expressives que d&rsquo;autres)&#8230;<\/em> Au passage, notez la richesse de ce compte Pinterest pour des recherches sur tel ou tel style graphique&nbsp;!<\/p>\n\n\n\n<h2 class=\"wp-block-heading\"><span class=\"ez-toc-section\" id=\"Etape_4_preparer_les_contenus_a_integrer_dans_la_page\"><\/span>\u00c9tape 4&nbsp;: pr\u00e9parer les contenus \u00e0 int\u00e9grer dans la page<span class=\"ez-toc-section-end\"><\/span><\/h2>\n\n\n\n<p>L&rsquo;affiche \u00e0 composer porte sur une exposition des \u0153uvres l&rsquo;artiste <strong>Mark Fadour<\/strong>, intitul\u00e9e Karysm, au Mus\u00e9e d&rsquo;Art Roger Quillot, \u00e0 Clermont-Ferrand. <\/p>\n\n\n\n<p>Le nom de cet artiste est totalement fictif&nbsp;: ne cherchez pas ses \u0153uvres sur Internet&nbsp;!<\/p>\n\n\n\n<h3 class=\"wp-block-heading\"><span class=\"ez-toc-section\" id=\"Collecter_les_logos\"><\/span>Collecter les logos<span class=\"ez-toc-section-end\"><\/span><\/h3>\n\n\n\n<p class=\"has-accent-background-color has-background\">\u279c Doivent figurer sur l&rsquo;affiche, le logo du MARQ, le logo de la Ville de Clermont-Ferrand, le logo du D\u00e9partement du Puy-de-D\u00f4me et celui de la R\u00e9gion Auvergne Rh\u00f4ne-Alpes.<\/p>\n\n\n\n<p>Vous \u00eates invit\u00e9s \u00e0 <strong>faire une recherche sur le Web pour collecter les logos des institutions mentionn\u00e9es<\/strong>. Vous t\u00e9l\u00e9chargerez les logos, de pr\u00e9f\u00e9rence dans un format vectoriel.<\/p>\n\n\n\n<p>\u279c \u00c0 cette occasion vous pouvez commencer \u00e0 vous constituer une banque de logos dans laquelle vous pourrez choisir, ult\u00e9rieurement, les logos dont vous aurez besoin.<\/p>\n\n\n\n<h3 class=\"wp-block-heading\"><span class=\"ez-toc-section\" id=\"Choisir_le_modele_a_suivre\"><\/span>Choisir le mod\u00e8le \u00e0 suivre<span class=\"ez-toc-section-end\"><\/span><\/h3>\n\n\n\n<p>Parmi les images collect\u00e9es sur Pinterest, vous devez <strong>choisir un mod\u00e8le d&rsquo;affiche<\/strong>. Votre composition finale devra suivre ce mod\u00e8le.<\/p>\n\n\n\n<p class=\"has-subtle-background-background-color has-background\">Il est probable que le mod\u00e8le dont vous souhaitez vous inspirer ne soit pas compos\u00e9 en utilisant un nuancier fonctionnel. Vous adapterez les couleurs pour r\u00e9pondre \u00e0 cette exigence du cahier des charges.<\/p>\n\n\n\n<p class=\"has-accent-background-color has-background\"> \u279c Je vous demande de me soumettre le mod\u00e8le choisi avant d&rsquo;aller plus loin dans votre travail.<\/p>\n\n\n\n<p>Vous devez donc choisir ce mod\u00e8le parmi des affiches de style suisse international (j&rsquo;insiste&nbsp;!). <strong>Ne prenez pas comme mod\u00e8le des affiches trait\u00e9es dans un autre style<\/strong>, m\u00eame si le style rep\u00e9r\u00e9 vous plait davantage. Vous travaillerez dans la majorit\u00e9 des cas en r\u00e9ponse \u00e0 un cahier des charges mentionnant une charte graphique \u00e0 respecter.<\/p>\n\n\n\n<h3 class=\"wp-block-heading\"><span class=\"ez-toc-section\" id=\"Structurer_le_texte_de_laffiche\"><\/span>Structurer le texte de l&rsquo;affiche<span class=\"ez-toc-section-end\"><\/span><\/h3>\n\n\n\n<p class=\"has-accent-background-color has-background\">Le texte \u00e0 int\u00e9grer dans l&rsquo;affiche est le suivant&nbsp;:<br>Mark Fadour, Karysm. Exposition du 12 mars au 17 juin 2026,<br>au Mus\u00e9e d&rsquo;Art Roger Quilliot, Place Louis-Deteix, Clermont-Ferrand.<\/p>\n\n\n\n<p>Le texte fourni n&rsquo;est pas structur\u00e9. Vous pouvez d\u00e8s maintenant en d\u00e9terminer <strong>le d\u00e9coupage, la hi\u00e9rarchie et l&rsquo;ordonnancement<\/strong>.<\/p>\n\n\n\n<p>Vous devez<strong> constituer les blocs d&rsquo;information<\/strong> que vous aurez \u00e0 mettre en page en suivant le mod\u00e8le choisi.<\/p>\n\n\n\n<h3 class=\"wp-block-heading\"><span class=\"ez-toc-section\" id=\"Collecter_les_polices_de_caracteres\"><\/span>Collecter les polices de caract\u00e8res<span class=\"ez-toc-section-end\"><\/span><\/h3>\n\n\n\n<p>D&rsquo;une mani\u00e8re g\u00e9n\u00e9rale,  le modernisme international utilise plut\u00f4t des <strong>polices de caract\u00e8res sans-serif<\/strong>. Analyser les formes typographiques utilis\u00e9es dans le mod\u00e8le que vous avez choisi.<\/p>\n\n\n\n<p>Voyez quelles sont les polices dont vous disposez sur votre poste de travail. Si vous n&rsquo;avez pas de polices similaires \u00e0 celle que vous avez rep\u00e9r\u00e9es, faites une recherche sur les plateformes de distribution suivantes pour vous les procurer&nbsp;:<\/p>\n\n\n\n<ul class=\"wp-block-list\">\n<li><a href=\"https:\/\/fonts.google.com\" data-type=\"link\" data-id=\"https:\/\/fonts.google.com\" target=\"_blank\" rel=\"noreferrer noopener\">Google Fonts<\/a><\/li>\n\n\n\n<li><a href=\"https:\/\/www.fontsquirrel.com\" data-type=\"link\" data-id=\"https:\/\/www.fontsquirrel.com\" target=\"_blank\" rel=\"noreferrer noopener\">Font Squirrel<\/a><\/li>\n<\/ul>\n\n\n\n<p>Voici une listes de <strong>polices gratuites<\/strong> en lien avec le style suisse moderniste&nbsp;:<\/p>\n\n\n\n<ul class=\"wp-block-list\">\n<li><a href=\"https:\/\/www.dafont.com\/fr\/coolvetica.font?l%5B%5D=1\" data-type=\"link\" data-id=\"https:\/\/www.dafont.com\/fr\/coolvetica.font?l%5B%5D=1\" target=\"_blank\" rel=\"noreferrer noopener\">Coolvetica<\/a><\/li>\n\n\n\n<li><a href=\"https:\/\/www.dafont.com\/fr\/built-titling.font?l%5B%5D=1\" data-type=\"link\" data-id=\"https:\/\/www.dafont.com\/fr\/built-titling.font?l%5B%5D=1\" target=\"_blank\" rel=\"noreferrer noopener\">Built Titling<\/a><\/li>\n\n\n\n<li><a href=\"https:\/\/www.dafont.com\/fr\/tschichold.font\" data-type=\"link\" data-id=\"https:\/\/www.dafont.com\/fr\/tschichold.font\" target=\"_blank\" rel=\"noreferrer noopener\">Tschichold<\/a><\/li>\n\n\n\n<li><a href=\"https:\/\/www.dafont.com\/fr\/old-sans-black.font\" data-type=\"link\" data-id=\"https:\/\/www.dafont.com\/fr\/old-sans-black.font\" target=\"_blank\" rel=\"noreferrer noopener\">Old Sans Black<\/a><\/li>\n<\/ul>\n\n\n\n<p>Les typographes ayant r\u00e9alis\u00e9 les typographies pr\u00e9sent\u00e9es dans la liste ci-dessus sont tous d&rsquo;excellents typographistes. La grande majorit\u00e9 de leurs <strong>fontes gratuites<\/strong> sont <strong>accentu\u00e9es<\/strong>. Collectez le lien vers leur page Dafont, afin de pouvoir la consulter facilement lors de prochaines recherches.<\/p>\n\n\n<div class=\"wp-block-image\">\n<figure class=\"aligncenter size-large\"><img loading=\"lazy\" decoding=\"async\" width=\"1024\" height=\"869\" src=\"https:\/\/graphizm.fr\/greta\/wp-content\/uploads\/2023\/10\/builtTitling-1024x869.jpg\" alt=\"\" class=\"wp-image-6763\" srcset=\"https:\/\/graphizm.fr\/greta\/wp-content\/uploads\/2023\/10\/builtTitling-1024x869.jpg 1024w, https:\/\/graphizm.fr\/greta\/wp-content\/uploads\/2023\/10\/builtTitling-600x509.jpg 600w, https:\/\/graphizm.fr\/greta\/wp-content\/uploads\/2023\/10\/builtTitling-768x651.jpg 768w, https:\/\/graphizm.fr\/greta\/wp-content\/uploads\/2023\/10\/builtTitling-1200x1018.jpg 1200w, https:\/\/graphizm.fr\/greta\/wp-content\/uploads\/2023\/10\/builtTitling.jpg 1226w\" sizes=\"auto, (max-width: 1024px) 100vw, 1024px\" \/><\/figure>\n<\/div>\n\n\n<h3 class=\"wp-block-heading\"><span class=\"ez-toc-section\" id=\"Collecter_ou_produire_le_visuel\"><\/span>Collecter ou produire le visuel<span class=\"ez-toc-section-end\"><\/span><\/h3>\n\n\n\n<p>Les visuels abstraits, int\u00e9gr\u00e9s dans les affiches de style suisse moderniste international sont g\u00e9n\u00e9ralement g\u00e9om\u00e9triques. Ils peuvent donc \u00eatre r\u00e9alis\u00e9s facilement dans le logiciel de mise en page en utilisant des formes de blocs primaires.<\/p>\n\n\n\n<p class=\"has-subtle-background-background-color has-background\">\u279c \u00c9vitez tout recours \u00e0 des artifices d\u00e9coratifs, des contours, des ombres port\u00e9es, des effets de biseaux, etc.<\/p>\n\n\n\n<p>Si votre mod\u00e8le comprend une image photographique, <strong>pr\u00e9parez votre photo en respectant le traitement stylistique<\/strong> <strong>du mod\u00e8le de composition<\/strong>. Le modernisme suisse, particuli\u00e8rement \u00e0 ses d\u00e9buts, privil\u00e9giait le traitement des photographies en niveaux de gris. <\/p>\n\n\n\n<h2 class=\"wp-block-heading\"><span class=\"ez-toc-section\" id=\"Etape_5_construire_un_nuancier_fonctionnel\"><\/span>\u00c9tape 5&nbsp;: construire un nuancier fonctionnel<span class=\"ez-toc-section-end\"><\/span><\/h2>\n\n\n\n<p>En fonction des informations transmises plus haut (nature de l&rsquo;\u00e9v\u00e9nement, nom, date, lieu, etc.), du style impos\u00e9 par la direction artistique et du mod\u00e8le choisi comme guide de composition, <strong>choisissez les couleurs de l&rsquo;affiche \u00e0 r\u00e9aliser<\/strong>. <\/p>\n\n\n\n<p>\u279c Dans la perspective de proposer des variantes chromatiques de votre premi\u00e8re mise en page, <strong>veillez \u00e0 construire un nuancier de couleurs r\u00e9versibles<\/strong>. Un tel nuancier permet \u00e0 toutes les couleurs de se substituer les unes aux autres sans perte de lisibilit\u00e9.<\/p>\n\n\n\n<p class=\"has-accent-background-color has-background\">\u279c Dans le cadre particulier de ce projet, la symbolique des couleurs utilis\u00e9es n&rsquo;entre pas en ligne de compte.<\/p>\n\n\n\n<p>Pour construire le nuancier fonctionnel, suivez les conseils donn\u00e9s dans le cours <a rel=\"noreferrer noopener\" href=\"https:\/\/graphizm.fr\/greta\/non-classe\/construction-nuanciers-fonctionnels\/\" data-type=\"link\" data-id=\"https:\/\/graphizm.fr\/greta\/non-classe\/construction-nuanciers-fonctionnels\/\" target=\"_blank\">Construire un nuancier fonctionnel<\/a>.<\/p>\n\n\n\n<p>\u279c Vous pouvez exporter le nuancier construit dans Coolors au format ASE pour l&rsquo;importer ensuite dans Illustrator, InDesign ou Photoshop.<\/p>\n\n\n\n<h2 class=\"wp-block-heading\"><span class=\"ez-toc-section\" id=\"Etape_6_composer_la_maquette_de_laffiche_en_suivant_le_modele_choisi\"><\/span>\u00c9tape 6&nbsp;: composer la maquette de l&rsquo;affiche en suivant le mod\u00e8le choisi<span class=\"ez-toc-section-end\"><\/span><\/h2>\n\n\n\n<p>\u279c Je vous invite \u00e0 travailler sur un <strong>format A4<\/strong> <strong>orientation portrait<\/strong> (210 x 297 mm). Vous finaliserez votre travail<strong> dans InDesign <\/strong>ou<strong> Illustrator<\/strong>, voire dans la <strong>suite Affinity<\/strong>, suivant votre ma\u00eetrise des outils propos\u00e9s. N&rsquo;utilisez pas le logiciel Photoshop pour finaliser votre mise en page.<\/p>\n\n\n\n<h3 class=\"wp-block-heading\"><span class=\"ez-toc-section\" id=\"Les_grilles_de_composition\"><\/span>Les grilles de composition<span class=\"ez-toc-section-end\"><\/span><\/h3>\n\n\n\n<p>Les graphistes de l&rsquo;\u00e9cole suisse moderniste utilisent beaucoup les grilles de construction pour appuyer les \u00e9l\u00e9ments graphique sur des axes invisibles mais rep\u00e9rables.<\/p>\n\n\n\n<p class=\"has-secondary-background-color has-background\">\u279c Pouvez-vous rep\u00e9rer si une grille de composition a \u00e9t\u00e9 utilis\u00e9e pour structurer le composition de l&rsquo;affiche que vous avez choisi comme mod\u00e8le&nbsp;?<\/p>\n\n\n\n<p>Voici par exemple une grille tr\u00e8s simple utilisable dans une page A4. Il suffit de construire une grille de 4 x 3 carr\u00e9s de 70 x 70 mm \u00e0 ins\u00e9rer en t\u00eate document. Il reste en pied de page une bande de 210 x 17 mm qui peut \u00eatre utilis\u00e9e pour int\u00e9grer les logos.<\/p>\n\n\n<div class=\"wp-block-image\">\n<figure class=\"aligncenter size-large\"><a href=\"https:\/\/graphizm.fr\/greta\/wp-content\/uploads\/2023\/10\/892-declinaisons-4x3-1.jpg\" target=\"_blank\" rel=\"noreferrer noopener\"><img loading=\"lazy\" decoding=\"async\" width=\"728\" height=\"1024\" src=\"https:\/\/graphizm.fr\/greta\/wp-content\/uploads\/2023\/10\/892-declinaisons-4x3-1-728x1024.jpg\" alt=\"\" class=\"wp-image-6771\" srcset=\"https:\/\/graphizm.fr\/greta\/wp-content\/uploads\/2023\/10\/892-declinaisons-4x3-1-728x1024.jpg 728w, https:\/\/graphizm.fr\/greta\/wp-content\/uploads\/2023\/10\/892-declinaisons-4x3-1-426x600.jpg 426w, https:\/\/graphizm.fr\/greta\/wp-content\/uploads\/2023\/10\/892-declinaisons-4x3-1-768x1081.jpg 768w, https:\/\/graphizm.fr\/greta\/wp-content\/uploads\/2023\/10\/892-declinaisons-4x3-1.jpg 800w\" sizes=\"auto, (max-width: 728px) 100vw, 728px\" \/><\/a><\/figure>\n<\/div>\n\n\n<p class=\"has-text-align-center\"><a href=\"https:\/\/graphizm.fr\/com-crea\/poster-892-variations-4x3.pdf\" target=\"_blank\" rel=\"noreferrer noopener\"><strong>T\u00e9l\u00e9charger le poster des 892 grilles (PDF)<\/strong><\/a><\/p>\n\n\n\n<p class=\"has-subtle-background-background-color has-background\">Si votre mod\u00e8le est construit sur <strong>une autre grille<\/strong>, prenez le temps d&rsquo;<strong>identifier cette grille<\/strong> puis de la mettre en place dans votre fichier de mise en page. C&rsquo;est un <strong>\u00e9l\u00e9ment cl\u00e9 de la composition<\/strong> \u00e0 reproduire.<\/p>\n\n\n\n<h3 class=\"wp-block-heading\"><span class=\"ez-toc-section\" id=\"Les_echelles_typographiques\"><\/span>Les \u00e9chelles typographiques<span class=\"ez-toc-section-end\"><\/span><\/h3>\n\n\n\n<p>Pour la hi\u00e9rarchisation des informations, le graphistes modernistes utilisent souvent des \u00e9chelles typographiques. Je vous propose ci-dessous un document r\u00e9alis\u00e9 dans Illustrator, montrant comment <strong>utiliser une \u00e9chelle typographique pour hi\u00e9rarchiser les textes<\/strong> d&rsquo;une affiche.<\/p>\n\n\n\n<p class=\"has-subtle-background-background-color has-background\">Le chiffre indiqu\u00e9 \u00e0 gauche du texte correspond au corps du texte concern\u00e9. La finalit\u00e9 est de pr\u00e9senter des niveaux hi\u00e9rarchiques nettement diff\u00e9renciables \u00e0 l&rsquo;\u0153il nu.<\/p>\n\n\n<div class=\"wp-block-image\">\n<figure class=\"aligncenter size-large\"><a href=\"https:\/\/graphizm.fr\/greta\/wp-content\/uploads\/2023\/10\/compo-afficheA4-3ratios.pdf\" target=\"_blank\" rel=\"noreferrer noopener\"><img loading=\"lazy\" decoding=\"async\" width=\"1024\" height=\"493\" src=\"https:\/\/graphizm.fr\/greta\/wp-content\/uploads\/2023\/10\/compo-afficheA4-3ratios-1024x493.jpg\" alt=\"\" class=\"wp-image-6775\" srcset=\"https:\/\/graphizm.fr\/greta\/wp-content\/uploads\/2023\/10\/compo-afficheA4-3ratios-1024x493.jpg 1024w, https:\/\/graphizm.fr\/greta\/wp-content\/uploads\/2023\/10\/compo-afficheA4-3ratios-600x289.jpg 600w, https:\/\/graphizm.fr\/greta\/wp-content\/uploads\/2023\/10\/compo-afficheA4-3ratios-768x370.jpg 768w, https:\/\/graphizm.fr\/greta\/wp-content\/uploads\/2023\/10\/compo-afficheA4-3ratios-1536x740.jpg 1536w, https:\/\/graphizm.fr\/greta\/wp-content\/uploads\/2023\/10\/compo-afficheA4-3ratios-2048x986.jpg 2048w, https:\/\/graphizm.fr\/greta\/wp-content\/uploads\/2023\/10\/compo-afficheA4-3ratios-1200x578.jpg 1200w, https:\/\/graphizm.fr\/greta\/wp-content\/uploads\/2023\/10\/compo-afficheA4-3ratios-1980x954.jpg 1980w\" sizes=\"auto, (max-width: 1024px) 100vw, 1024px\" \/><\/a><\/figure>\n<\/div>\n\n\n<p>\u279c Dans le cas de cet exercice, <strong>inspirez-vous du mod\u00e8le choisi et valid\u00e9 pour r\u00e9aliser votre composition<\/strong>. S&rsquo;il vous faut sauter un niveau pour mieux coller \u00e0 votre mod\u00e8le, c&rsquo;est tout \u00e0 fait envisageable \ud83d\ude09<\/p>\n\n\n\n<p class=\"has-primary-background-color has-background\">\u00c0 ce stade de votre travail, vous pouvez utiliser les <strong><a rel=\"noreferrer noopener\" href=\"http:\/\/graphizm.fr\/com-crea\/check-list-comvi\/\" data-type=\"link\" data-id=\"http:\/\/graphizm.fr\/com-crea\/check-list-comvi\/\" target=\"_blank\">25 <\/a><a rel=\"noreferrer noopener\" href=\"http:\/\/graphizm.fr\/com-crea\/check-list-comvi\/\" data-type=\"link\" data-id=\"http:\/\/graphizm.fr\/com-crea\/check-list-comvi\/\" target=\"_blank\">o<\/a><a rel=\"noreferrer noopener\" href=\"http:\/\/graphizm.fr\/com-crea\/check-list-comvi\/\" data-type=\"link\" data-id=\"http:\/\/graphizm.fr\/com-crea\/check-list-comvi\/\" target=\"_blank\">p<\/a><a rel=\"noreferrer noopener\" href=\"http:\/\/graphizm.fr\/com-crea\/check-list-comvi\/\" data-type=\"link\" data-id=\"http:\/\/graphizm.fr\/com-crea\/check-list-comvi\/\" target=\"_blank\">\u00e9<\/a><a rel=\"noreferrer noopener\" href=\"http:\/\/graphizm.fr\/com-crea\/check-list-comvi\/\" data-type=\"link\" data-id=\"http:\/\/graphizm.fr\/com-crea\/check-list-comvi\/\" target=\"_blank\">r<\/a><a rel=\"noreferrer noopener\" href=\"http:\/\/graphizm.fr\/com-crea\/check-list-comvi\/\" data-type=\"link\" data-id=\"http:\/\/graphizm.fr\/com-crea\/check-list-comvi\/\" target=\"_blank\">a<\/a><a rel=\"noreferrer noopener\" href=\"http:\/\/graphizm.fr\/com-crea\/check-list-comvi\/\" data-type=\"link\" data-id=\"http:\/\/graphizm.fr\/com-crea\/check-list-comvi\/\" target=\"_blank\">t<\/a><a rel=\"noreferrer noopener\" href=\"http:\/\/graphizm.fr\/com-crea\/check-list-comvi\/\" data-type=\"link\" data-id=\"http:\/\/graphizm.fr\/com-crea\/check-list-comvi\/\" target=\"_blank\">i<\/a><a rel=\"noreferrer noopener\" href=\"http:\/\/graphizm.fr\/com-crea\/check-list-comvi\/\" data-type=\"link\" data-id=\"http:\/\/graphizm.fr\/com-crea\/check-list-comvi\/\" target=\"_blank\">o<\/a><a href=\"http:\/\/graphizm.fr\/com-crea\/check-list-comvi\/\" data-type=\"link\" data-id=\"http:\/\/graphizm.fr\/com-crea\/check-list-comvi\/\" target=\"_blank\" rel=\"noreferrer noopener\">n<\/a><a rel=\"noreferrer noopener\" href=\"http:\/\/graphizm.fr\/com-crea\/check-list-comvi\/\" data-type=\"link\" data-id=\"http:\/\/graphizm.fr\/com-crea\/check-list-comvi\/\" target=\"_blank\">s \u00e0 cocher pour valider une composition graphique<\/a><\/strong>.<\/p>\n\n\n\n<h2 class=\"wp-block-heading\"><span class=\"ez-toc-section\" id=\"Etape_7_proposer_des_variantes_de_laffiche\"><\/span>\u00c9tape 7&nbsp;: proposer des variantes de l&rsquo;affiche<span class=\"ez-toc-section-end\"><\/span><\/h2>\n\n\n\n<p class=\"has-secondary-background-color has-background\">En utilisant un nuancier fonctionnel, <strong>il est tr\u00e8s facile de cr\u00e9er des variantes<\/strong> de votre composition. <strong>Pour cela, il faut avoir r\u00e9alis\u00e9 sa maquette en utilisant des couleurs r\u00e9versible<\/strong>s.<\/p>\n\n\n\n<p>Ce point peut devenir un facteur essentiel de votre design graphique. Lors de vos cr\u00e9ations, vous pourrez tester des atmosph\u00e8res chromatiques diff\u00e9rentes sans changer de nuancier (et donc de champ symbolique). Vous gagnerez du temps en pouvant proposer \u00e0 vos clients des variantes color\u00e9es, sans modifier votre composition. Dans un projet comportant plusieurs sections ou rubriques, vous pourrez facilement les diff\u00e9rencier les unes des autres, en conservant le m\u00eame nuancier.<\/p>\n\n\n\n<h4 class=\"wp-block-heading\">Changer la couleur dominante<\/h4>\n\n\n\n<p><strong>Changer d&rsquo;abord la couleur dominante<\/strong> (il s&rsquo;agit g\u00e9n\u00e9ralement de la couleur du fond). Cela vous am\u00e8nera \u00e0 voir votre travail sous un aspect tr\u00e8s diff\u00e9rent&nbsp;! Il vous faudra bien s\u00fbr <strong>redistribuer les autres couleurs pour \u00e9viter les superpositions de texte et de fond de la m\u00eame couleur<\/strong>.<\/p>\n\n\n<div class=\"wp-block-image\">\n<figure class=\"aligncenter size-large\"><img loading=\"lazy\" decoding=\"async\" width=\"1024\" height=\"683\" src=\"https:\/\/graphizm.fr\/greta\/wp-content\/uploads\/2023\/10\/affiches-inverses-roi-lear-1024x683.png\" alt=\"\" class=\"wp-image-6785\" srcset=\"https:\/\/graphizm.fr\/greta\/wp-content\/uploads\/2023\/10\/affiches-inverses-roi-lear-1024x683.png 1024w, https:\/\/graphizm.fr\/greta\/wp-content\/uploads\/2023\/10\/affiches-inverses-roi-lear-600x400.png 600w, https:\/\/graphizm.fr\/greta\/wp-content\/uploads\/2023\/10\/affiches-inverses-roi-lear-768x513.png 768w, https:\/\/graphizm.fr\/greta\/wp-content\/uploads\/2023\/10\/affiches-inverses-roi-lear-1536x1025.png 1536w, https:\/\/graphizm.fr\/greta\/wp-content\/uploads\/2023\/10\/affiches-inverses-roi-lear-1200x801.png 1200w, https:\/\/graphizm.fr\/greta\/wp-content\/uploads\/2023\/10\/affiches-inverses-roi-lear.png 1894w\" sizes=\"auto, (max-width: 1024px) 100vw, 1024px\" \/><figcaption class=\"wp-element-caption\">1 seul nuancier de 3 couleurs \u279c 2 dominantes utilis\u00e9es \u279c 2 ambiances diff\u00e9rentes<\/figcaption><\/figure>\n<\/div>\n\n\n<p>Ce type de manipulation permet de ne pas se focaliser sur une premi\u00e8re version trop vite consid\u00e9r\u00e9e comme satisfaisante. Lors des modifications de couleurs, demeurez attentifs aux r\u00e9sultats interm\u00e9diaires. En effet, m\u00eame si des formes sont r\u00e9unies par la m\u00eame couleur, il se peut que le rendu soit tr\u00e8s satisfaisant.<\/p>\n\n\n\n<p>Pensez \u00e0 utiliser des contours si cela s&rsquo;av\u00e9rait n\u00e9cessaire. Moins vous utilisez de couleurs, plus vous pouvez avoir besoin de contours pour diff\u00e9rencier les formes&nbsp;!<\/p>\n\n\n\n<p class=\"has-subtle-background-background-color has-background\">\u279c Sauvegardez la premi\u00e8re version r\u00e9alis\u00e9e et cr\u00e9ez les variantes sur une nouvelle page ou dans un nouveau document. Toutes les versions (d\u00e9clinaisons) cr\u00e9\u00e9es doivent pouvoir \u00eatre montr\u00e9es ou export\u00e9es facilement. <\/p>\n\n\n\n<p class=\"has-accent-background-color has-background\">Pour mieux saisir le principe de changement de dominante en utilisant le m\u00eame nuancier, consultez le PDF intitul\u00e9 <a rel=\"noreferrer noopener\" href=\"https:\/\/graphizm.fr\/greta\/wp-content\/uploads\/2023\/10\/variation-de-dominante.pdf\" data-type=\"link\" data-id=\"https:\/\/graphizm.fr\/greta\/wp-content\/uploads\/2023\/10\/dominante-mediante-tonique-RVB.pdf\" target=\"_blank\">Variations de dominante<\/a>.<\/p>\n\n\n<div class=\"wp-block-image\">\n<figure class=\"aligncenter size-large\"><a href=\"https:\/\/graphizm.fr\/greta\/wp-content\/uploads\/2023\/10\/variation-de-dominante.jpg\" target=\"_blank\" rel=\"noreferrer noopener\"><img loading=\"lazy\" decoding=\"async\" width=\"1024\" height=\"497\" src=\"https:\/\/graphizm.fr\/greta\/wp-content\/uploads\/2023\/10\/variation-de-dominante-1024x497.jpg\" alt=\"\" class=\"wp-image-6809\" srcset=\"https:\/\/graphizm.fr\/greta\/wp-content\/uploads\/2023\/10\/variation-de-dominante-1024x497.jpg 1024w, https:\/\/graphizm.fr\/greta\/wp-content\/uploads\/2023\/10\/variation-de-dominante-600x291.jpg 600w, https:\/\/graphizm.fr\/greta\/wp-content\/uploads\/2023\/10\/variation-de-dominante-768x373.jpg 768w, https:\/\/graphizm.fr\/greta\/wp-content\/uploads\/2023\/10\/variation-de-dominante-1536x746.jpg 1536w, https:\/\/graphizm.fr\/greta\/wp-content\/uploads\/2023\/10\/variation-de-dominante-1200x583.jpg 1200w, https:\/\/graphizm.fr\/greta\/wp-content\/uploads\/2023\/10\/variation-de-dominante.jpg 1940w\" sizes=\"auto, (max-width: 1024px) 100vw, 1024px\" \/><\/a><figcaption class=\"wp-element-caption\">2 nuanciers de 4 couleurs \u00e9tag\u00e9es \u279c 4 dominantes \u279c 4 ambiances graphiques<\/figcaption><\/figure>\n<\/div>\n\n\n<h4 class=\"wp-block-heading\">Changer de nuancier (mais conserver l&rsquo;\u00e9tagement)<\/h4>\n\n\n\n<p> Vous pouvez m\u00eame envisager de conserver la m\u00eame composition et de changer de nuancier (et donc de couleurs et de symbolique).<\/p>\n\n\n\n<p class=\"has-subtle-background-background-color has-background\">\u279c Tentez l&rsquo;exp\u00e9rience en veillant \u00e0 utiliser un second nuancier dont les valeurs des couleurs sont \u00e9tag\u00e9es sur les m\u00eames ratios de contraste.<\/p>\n\n\n<div class=\"wp-block-image\">\n<figure class=\"aligncenter size-large\"><a href=\"https:\/\/graphizm.fr\/greta\/wp-content\/uploads\/2023\/10\/repartition-3couleurs.png\" target=\"_blank\" rel=\"noreferrer noopener\"><img loading=\"lazy\" decoding=\"async\" width=\"924\" height=\"1024\" src=\"https:\/\/graphizm.fr\/greta\/wp-content\/uploads\/2023\/10\/repartition-3couleurs-924x1024.png\" alt=\"\" class=\"wp-image-6787\" srcset=\"https:\/\/graphizm.fr\/greta\/wp-content\/uploads\/2023\/10\/repartition-3couleurs-924x1024.png 924w, https:\/\/graphizm.fr\/greta\/wp-content\/uploads\/2023\/10\/repartition-3couleurs-541x600.png 541w, https:\/\/graphizm.fr\/greta\/wp-content\/uploads\/2023\/10\/repartition-3couleurs-768x851.png 768w, https:\/\/graphizm.fr\/greta\/wp-content\/uploads\/2023\/10\/repartition-3couleurs-1386x1536.png 1386w, https:\/\/graphizm.fr\/greta\/wp-content\/uploads\/2023\/10\/repartition-3couleurs-1847x2048.png 1847w, https:\/\/graphizm.fr\/greta\/wp-content\/uploads\/2023\/10\/repartition-3couleurs-1200x1330.png 1200w, https:\/\/graphizm.fr\/greta\/wp-content\/uploads\/2023\/10\/repartition-3couleurs-1980x2195.png 1980w\" sizes=\"auto, (max-width: 924px) 100vw, 924px\" \/><\/a><\/figure>\n<\/div>","protected":false},"excerpt":{"rendered":"<p>Au cours de ce TD, vous allez r\u00e9aliser la mise en page d&rsquo;une affiche inspir\u00e9e du modernisme suisse international, en utilisant un nuancier de 3 ou 4 couleurs. \u00c9tapes du TD \u279c Ce TD se d\u00e9roule en 7 \u00e9tapes et chacun est invit\u00e9 \u00e0 suivre scrupuleusement ce d\u00e9roul\u00e9. \u00c9tape 1&nbsp;: effectuer des recherches sur Pinterest [&hellip;]<\/p>","protected":false},"author":1,"featured_media":0,"comment_status":"closed","ping_status":"open","sticky":false,"template":"","format":"standard","meta":{"footnotes":""},"categories":[18,4],"tags":[],"class_list":["post-2773","post","type-post","status-publish","format-standard","hentry","category-cc1-exos","category-com-crea"],"featured_image_urls_v2":{"full":"","thumbnail":"","medium":"","medium_large":"","large":"","1536x1536":"","2048x2048":"","post-thumbnail":"","twentytwenty-fullscreen":""},"post_excerpt_stackable_v2":"<p>Au cours de ce TD, vous allez r\u00e9aliser la mise en page d&rsquo;une affiche inspir\u00e9e du modernisme suisse international, en utilisant un nuancier de 3 ou 4 couleurs. Sommaire Toggle \u00c9tapes du TD\u00c9tape 1&nbsp;: effectuer des recherches sur PinterestRechercher par les noms du styleRechercher par le nom des designers\u00c9tape 2&nbsp;: caract\u00e9riser le style moderniste suisse et internationalApprofondir ses connaissancesUtiliser Google Images en compl\u00e9ment\u00c9tape 3&nbsp;: cr\u00e9er un tableau Pinterest sur le modernisme suisse international\u00c9tape 4&nbsp;: pr\u00e9parer les contenus \u00e0 int\u00e9grer dans la pageCollecter les logosChoisir le mod\u00e8le \u00e0 suivreStructurer le texte de l&rsquo;afficheCollecter les polices de caract\u00e8resCollecter ou produire le visuel\u00c9tape\u2026<\/p>","category_list_v2":"<a href=\"https:\/\/graphizm.fr\/greta\/category\/com-crea\/cc1-exos\/\" rel=\"category tag\">CC1-exos<\/a>, <a href=\"https:\/\/graphizm.fr\/greta\/category\/com-crea\/\" rel=\"category tag\">Com-Cr\u00e9a<\/a>","author_info_v2":{"name":"Yves Goguely","url":"https:\/\/graphizm.fr\/greta\/author\/formationsgreta\/"},"comments_num_v2":"0 commentaire","_links":{"self":[{"href":"https:\/\/graphizm.fr\/greta\/wp-json\/wp\/v2\/posts\/2773","targetHints":{"allow":["GET"]}}],"collection":[{"href":"https:\/\/graphizm.fr\/greta\/wp-json\/wp\/v2\/posts"}],"about":[{"href":"https:\/\/graphizm.fr\/greta\/wp-json\/wp\/v2\/types\/post"}],"author":[{"embeddable":true,"href":"https:\/\/graphizm.fr\/greta\/wp-json\/wp\/v2\/users\/1"}],"replies":[{"embeddable":true,"href":"https:\/\/graphizm.fr\/greta\/wp-json\/wp\/v2\/comments?post=2773"}],"version-history":[{"count":117,"href":"https:\/\/graphizm.fr\/greta\/wp-json\/wp\/v2\/posts\/2773\/revisions"}],"predecessor-version":[{"id":7600,"href":"https:\/\/graphizm.fr\/greta\/wp-json\/wp\/v2\/posts\/2773\/revisions\/7600"}],"wp:attachment":[{"href":"https:\/\/graphizm.fr\/greta\/wp-json\/wp\/v2\/media?parent=2773"}],"wp:term":[{"taxonomy":"category","embeddable":true,"href":"https:\/\/graphizm.fr\/greta\/wp-json\/wp\/v2\/categories?post=2773"},{"taxonomy":"post_tag","embeddable":true,"href":"https:\/\/graphizm.fr\/greta\/wp-json\/wp\/v2\/tags?post=2773"}],"curies":[{"name":"wp","href":"https:\/\/api.w.org\/{rel}","templated":true}]}}