{"id":5861,"date":"2023-10-09T00:12:08","date_gmt":"2023-10-08T22:12:08","guid":{"rendered":"https:\/\/graphizm.fr\/greta\/?p=5861"},"modified":"2023-10-09T00:12:10","modified_gmt":"2023-10-08T22:12:10","slug":"ressources-pour-la-comvi","status":"publish","type":"post","link":"https:\/\/graphizm.fr\/greta\/com-crea\/ressources-pour-la-comvi\/","title":{"rendered":"Ressources pour la comvi"},"content":{"rendered":"\n<p class=\"has-secondary-background-color has-background\">Pour vous permettre d&rsquo;acc\u00e9der rapidement aux ressources mises en ligne concernant la communication visuelle, j&rsquo;ai rassembl\u00e9 les principaux liens dans un bouquet digital.<\/p>\n\n\n\n<figure class=\"wp-block-image size-large\"><a href=\"https:\/\/ladigitale.dev\/digibunch\/#\/b\/6148d94cde41f\" target=\"_blank\" rel=\"noopener\"><img decoding=\"async\" src=\"https:\/\/comvi.plurimedia.greta-clermont-auvergne.fr\/wp-content\/uploads\/2021\/09\/bouquet-liens-ressources-comvi-1024x489.png\" alt=\"\" class=\"wp-image-5735\"\/><\/a><\/figure>\n\n\n\n<p>Vous pouvez cr\u00e9er vos propres bouquets de liens en utilisant l&rsquo;outil <a rel=\"noreferrer noopener\" href=\"https:\/\/ladigitale.dev\/digibunch\/#\/\" target=\"_blank\">Digibunch<\/a>, propos\u00e9 gratuitement par <a rel=\"noreferrer noopener\" href=\"https:\/\/ladigitale.dev\/\" target=\"_blank\">ladigitale.dev<\/a>. <\/p>\n\n\n\n<figure class=\"wp-block-image size-full\"><a href=\"https:\/\/ladigitale.dev\/digibunch\/#\/\" target=\"_blank\" rel=\"noopener\"><img decoding=\"async\" src=\"https:\/\/comvi.plurimedia.greta-clermont-auvergne.fr\/wp-content\/uploads\/2021\/09\/digibunch.jpg\" alt=\"\" class=\"wp-image-5730\"\/><\/a><\/figure>","protected":false},"excerpt":{"rendered":"<p>Pour vous permettre d&rsquo;acc\u00e9der rapidement aux ressources mises en ligne concernant la communication visuelle, j&rsquo;ai rassembl\u00e9 les principaux liens dans un bouquet digital. Vous pouvez cr\u00e9er vos propres bouquets de liens en utilisant l&rsquo;outil Digibunch, propos\u00e9 gratuitement par ladigitale.dev.<\/p>","protected":false},"author":1,"featured_media":0,"comment_status":"closed","ping_status":"open","sticky":false,"template":"","format":"standard","meta":{"footnotes":""},"categories":[13,4],"tags":[],"class_list":["post-5861","post","type-post","status-publish","format-standard","hentry","category-cc1-cours","category-com-crea"],"featured_image_urls_v2":{"full":"","thumbnail":"","medium":"","medium_large":"","large":"","1536x1536":"","2048x2048":"","post-thumbnail":"","twentytwenty-fullscreen":""},"post_excerpt_stackable_v2":"<p>Pour vous permettre d&rsquo;acc\u00e9der rapidement aux ressources mises en ligne concernant la communication visuelle, j&rsquo;ai rassembl\u00e9 les principaux liens dans un bouquet digital. Vous pouvez cr\u00e9er vos propres bouquets de liens en utilisant l&rsquo;outil Digibunch, propos\u00e9 gratuitement par ladigitale.dev.<\/p>","category_list_v2":"<a href=\"https:\/\/graphizm.fr\/greta\/category\/com-crea\/cc1-cours\/\" rel=\"category tag\">CC1-cours<\/a>, <a href=\"https:\/\/graphizm.fr\/greta\/category\/com-crea\/\" rel=\"category tag\">Com-Cr\u00e9a<\/a>","author_info_v2":{"name":"Yves Goguely","url":"https:\/\/graphizm.fr\/greta\/author\/formationsgreta\/"},"comments_num_v2":"0 commentaire","_links":{"self":[{"href":"https:\/\/graphizm.fr\/greta\/wp-json\/wp\/v2\/posts\/5861","targetHints":{"allow":["GET"]}}],"collection":[{"href":"https:\/\/graphizm.fr\/greta\/wp-json\/wp\/v2\/posts"}],"about":[{"href":"https:\/\/graphizm.fr\/greta\/wp-json\/wp\/v2\/types\/post"}],"author":[{"embeddable":true,"href":"https:\/\/graphizm.fr\/greta\/wp-json\/wp\/v2\/users\/1"}],"replies":[{"embeddable":true,"href":"https:\/\/graphizm.fr\/greta\/wp-json\/wp\/v2\/comments?post=5861"}],"version-history":[{"count":1,"href":"https:\/\/graphizm.fr\/greta\/wp-json\/wp\/v2\/posts\/5861\/revisions"}],"predecessor-version":[{"id":5862,"href":"https:\/\/graphizm.fr\/greta\/wp-json\/wp\/v2\/posts\/5861\/revisions\/5862"}],"wp:attachment":[{"href":"https:\/\/graphizm.fr\/greta\/wp-json\/wp\/v2\/media?parent=5861"}],"wp:term":[{"taxonomy":"category","embeddable":true,"href":"https:\/\/graphizm.fr\/greta\/wp-json\/wp\/v2\/categories?post=5861"},{"taxonomy":"post_tag","embeddable":true,"href":"https:\/\/graphizm.fr\/greta\/wp-json\/wp\/v2\/tags?post=5861"}],"curies":[{"name":"wp","href":"https:\/\/api.w.org\/{rel}","templated":true}]}}